{"id":57104,"date":"2022-02-25T19:11:25","date_gmt":"2022-02-25T19:11:25","guid":{"rendered":"https:\/\/foroolavarria.org\/?p=57104"},"modified":"2022-02-25T19:11:25","modified_gmt":"2022-02-25T19:11:25","slug":"vip-samba-se-suma-a-la-previa-del-carnaval-del-foro-olavarria","status":"publish","type":"post","link":"https:\/\/037.com.ar\/foronuevo\/vip-samba-se-suma-a-la-previa-del-carnaval-del-foro-olavarria\/","title":{"rendered":"VIP Samb\u00e1 se suma a \u201cLa Previa del Carnaval\u201d del Foro Olavarr\u00eda\u00a0\u00a0\u00a0\u00a0"},"content":{"rendered":"<p dir=\"ltr\" style=\"text-align: center;\"><em>Se trata de la 11\u00ba entrega de \u201cLa Previa del Carnaval\u201d, serie de videos producida por el espacio de Eduardo Rodr\u00edguez, la concejala In\u00e9s Creimer y el concejal Gast\u00f3n Sarachu.\u00a0\u00a0<\/em><\/p>\n<p dir=\"ltr\">\u201cLa Previa del Carnaval\u201d, serie de videos que edit\u00f3 el Foro Olavarr\u00eda &#8211; Frente Renovador con motivo de difundir a los grupos que participar\u00e1n de los corsos oficiales 2022, estrena una nueva entrega protagonizada por VIP Samb\u00e1, agrupaci\u00f3n que dirigen Claudia Zapata y Claudio Medina.<\/p>\n<p dir=\"ltr\">El 11\u00ba volumen de \u201cLa Previa del Carnaval\u201d se encuentra disponible en el canal de YouTube del Foro Olavarr\u00eda, donde tambi\u00e9n se pueden revivir las entregas anteriores.<\/p>\n<p dir=\"ltr\">\u00a0<iframe title=\"YouTube video player\" src=\"https:\/\/www.youtube.com\/embed\/UA7vfT-Kv4U\" width=\"560\" height=\"315\" frameborder=\"0\" allowfullscreen=\"allowfullscreen\" data-mce-fragment=\"1\"><\/iframe><\/p>\n<p dir=\"ltr\">Los corsos oficiales 2022, organizados por el municipio fueron reprogramados para este 28 de febrero y 1 de marzo en el Cors\u00f3dromo Municipal \u201cGabriel Antonio\u201d. Desde el espacio conducido por Eduardo Rodr\u00edguez, la concejala In\u00e9s Creimer y el concejal Gast\u00f3n Sarachu invitan a toda la comunidad a acompa\u00f1ar a las agrupaciones que animar\u00e1n esta fiesta tradicional de Olavarr\u00eda.<\/p>\n<p dir=\"ltr\">Todas las ediciones de \u201cLa Previa del Carnaval\u201d:<\/p>\n<p dir=\"ltr\">Bah\u00eda Ba: <a href=\"https:\/\/www.youtube.com\/watch?v=37DGjRiorag&amp;t=42s\" target=\"_blank\" rel=\"noopener\" data-saferedirecturl=\"https:\/\/www.google.com\/url?q=https:\/\/www.youtube.com\/watch?v%3D37DGjRiorag%26t%3D42s&amp;source=gmail&amp;ust=1645902105065000&amp;usg=AOvVaw0GejAsLV17BQyL4PtI9nbA\">https:\/\/www.youtube.com\/watch?<wbr \/>v=37DGjRiorag&amp;t=42s<\/a><\/p>\n<p dir=\"ltr\">Sambos Caporales: <a href=\"https:\/\/www.youtube.com\/watch?v=kjNjC5cc2CA\" target=\"_blank\" rel=\"noopener\" data-saferedirecturl=\"https:\/\/www.google.com\/url?q=https:\/\/www.youtube.com\/watch?v%3DkjNjC5cc2CA&amp;source=gmail&amp;ust=1645902105065000&amp;usg=AOvVaw3QM9V97T5_m2SMwbpSQJ5q\">https:\/\/www.youtube.com\/watch?<wbr \/>v=kjNjC5cc2CA<\/a><\/p>\n<p dir=\"ltr\">Insaciables: <a href=\"https:\/\/www.youtube.com\/watch?v=wnuNpJtfxfg\" target=\"_blank\" rel=\"noopener\" data-saferedirecturl=\"https:\/\/www.google.com\/url?q=https:\/\/www.youtube.com\/watch?v%3DwnuNpJtfxfg&amp;source=gmail&amp;ust=1645902105065000&amp;usg=AOvVaw0X2kGm8T3MhXZkSfdewo7n\">https:\/\/www.youtube.com\/watch?<wbr \/>v=wnuNpJtfxfg<\/a><\/p>\n<p dir=\"ltr\">GRES Salgueros y Nova Bater\u00eda: <a href=\"https:\/\/www.youtube.com\/watch?v=HHECMpF1j9g\" target=\"_blank\" rel=\"noopener\" data-saferedirecturl=\"https:\/\/www.google.com\/url?q=https:\/\/www.youtube.com\/watch?v%3DHHECMpF1j9g&amp;source=gmail&amp;ust=1645902105065000&amp;usg=AOvVaw0zMIF6ewjgp4-_tpq2C7yB\">https:\/\/www.youtube.com\/watch?<wbr \/>v=HHECMpF1j9g<\/a><\/p>\n<p dir=\"ltr\">Comodines de Febrero: <a href=\"https:\/\/www.youtube.com\/watch?v=F6yD2CH2ssU\" target=\"_blank\" rel=\"noopener\" data-saferedirecturl=\"https:\/\/www.google.com\/url?q=https:\/\/www.youtube.com\/watch?v%3DF6yD2CH2ssU&amp;source=gmail&amp;ust=1645902105065000&amp;usg=AOvVaw2FYnbhuL02FZl1KGFEBpMn\">https:\/\/www.youtube.com\/watch?<wbr \/>v=F6yD2CH2ssU<\/a><\/p>\n<p dir=\"ltr\">Mechongu\u00e9: <a href=\"https:\/\/www.youtube.com\/watch?v=oBxW7mcdOLc\" target=\"_blank\" rel=\"noopener\" data-saferedirecturl=\"https:\/\/www.google.com\/url?q=https:\/\/www.youtube.com\/watch?v%3DoBxW7mcdOLc&amp;source=gmail&amp;ust=1645902105065000&amp;usg=AOvVaw0DVXxmNqWKevEWF1koXi8p\">https:\/\/www.youtube.com\/watch?<wbr \/>v=oBxW7mcdOLc<\/a><\/p>\n<p dir=\"ltr\">Madame L\u00fa: <a href=\"https:\/\/www.youtube.com\/watch?v=lXSE3Yco_5Y\" target=\"_blank\" rel=\"noopener\" data-saferedirecturl=\"https:\/\/www.google.com\/url?q=https:\/\/www.youtube.com\/watch?v%3DlXSE3Yco_5Y&amp;source=gmail&amp;ust=1645902105065000&amp;usg=AOvVaw1t-xBhmdkS5gKttMi2VbZB\">https:\/\/www.youtube.com\/watch?<wbr \/>v=lXSE3Yco_5Y<\/a><\/p>\n<p dir=\"ltr\">Daii Yar\u00e1: <a href=\"https:\/\/www.youtube.com\/watch?v=e-BmcH_g0ao\" target=\"_blank\" rel=\"noopener\" data-saferedirecturl=\"https:\/\/www.google.com\/url?q=https:\/\/www.youtube.com\/watch?v%3De-BmcH_g0ao&amp;source=gmail&amp;ust=1645902105065000&amp;usg=AOvVaw3lNNGWBcKNo8PBU2-QoT2w\">https:\/\/www.youtube.com\/watch?<wbr \/>v=e-BmcH_g0ao<\/a><\/p>\n<p dir=\"ltr\">Arrebatando L\u00e1grimas: <a href=\"https:\/\/www.youtube.com\/watch?v=TeqrpdcY5RQ\" target=\"_blank\" rel=\"noopener\" data-saferedirecturl=\"https:\/\/www.google.com\/url?q=https:\/\/www.youtube.com\/watch?v%3DTeqrpdcY5RQ&amp;source=gmail&amp;ust=1645902105065000&amp;usg=AOvVaw3IVUkLLk6YwL0CqE_Gs7JH\">https:\/\/www.youtube.com\/watch?<wbr \/>v=TeqrpdcY5RQ<\/a><\/p>\n<p>La Legendaria Amizade: <a href=\"https:\/\/www.youtube.com\/watch?v=eUknw5VvzR4\" target=\"_blank\" rel=\"noopener\" data-saferedirecturl=\"https:\/\/www.google.com\/url?q=https:\/\/www.youtube.com\/watch?v%3DeUknw5VvzR4&amp;source=gmail&amp;ust=1645902105065000&amp;usg=AOvVaw2jPgCCzSSqXPG8Lz5po_sN\">https:\/\/www.youtube.com\/watch?<wbr \/>v=eUknw5VvzR4<\/a><\/p>\n<div class=\"yj6qo\"><\/div>\n","protected":false},"excerpt":{"rendered":"<p>Se trata de la 11\u00ba entrega de \u201cLa Previa del Carnaval\u201d, serie de videos producida por el espacio de Eduardo Rodr\u00edguez, la concejala In\u00e9s Creimer y el concejal Gast\u00f3n Sarachu.\u00a0\u00a0 \u201cLa Previa del Carnaval\u201d, serie de videos que edit\u00f3 el Foro Olavarr\u00eda &#8211; Frente Renovador con motivo de difundir a los grupos que participar\u00e1n de [&hellip;]<\/p>\n","protected":false},"author":2,"featured_media":57105,"comment_status":"open","ping_status":"open","sticky":false,"template":"","format":"standard","meta":{"footnotes":""},"categories":[2],"tags":[],"class_list":["post-57104","post","type-post","status-publish","format-standard","has-post-thumbnail","hentry","category-noticias-y-actividades"],"_links":{"self":[{"href":"https:\/\/037.com.ar\/foronuevo\/wp-json\/wp\/v2\/posts\/57104","targetHints":{"allow":["GET"]}}],"collection":[{"href":"https:\/\/037.com.ar\/foronuevo\/wp-json\/wp\/v2\/posts"}],"about":[{"href":"https:\/\/037.com.ar\/foronuevo\/wp-json\/wp\/v2\/types\/post"}],"author":[{"embeddable":true,"href":"https:\/\/037.com.ar\/foronuevo\/wp-json\/wp\/v2\/users\/2"}],"replies":[{"embeddable":true,"href":"https:\/\/037.com.ar\/foronuevo\/wp-json\/wp\/v2\/comments?post=57104"}],"version-history":[{"count":0,"href":"https:\/\/037.com.ar\/foronuevo\/wp-json\/wp\/v2\/posts\/57104\/revisions"}],"wp:featuredmedia":[{"embeddable":true,"href":"https:\/\/037.com.ar\/foronuevo\/wp-json\/wp\/v2\/media\/57105"}],"wp:attachment":[{"href":"https:\/\/037.com.ar\/foronuevo\/wp-json\/wp\/v2\/media?parent=57104"}],"wp:term":[{"taxonomy":"category","embeddable":true,"href":"https:\/\/037.com.ar\/foronuevo\/wp-json\/wp\/v2\/categories?post=57104"},{"taxonomy":"post_tag","embeddable":true,"href":"https:\/\/037.com.ar\/foronuevo\/wp-json\/wp\/v2\/tags?post=57104"}],"curies":[{"name":"wp","href":"https:\/\/api.w.org\/{rel}","templated":true}]}}