{"id":57158,"date":"2022-11-26T13:09:15","date_gmt":"2022-11-26T13:09:15","guid":{"rendered":"https:\/\/foroolavarria.org\/?p=57158"},"modified":"2022-11-26T13:09:15","modified_gmt":"2022-11-26T13:09:15","slug":"con-un-video-musical-el-foro-olavarria-fr-celebro-el-155-aniversario-de-olavarria","status":"publish","type":"post","link":"https:\/\/037.com.ar\/foronuevo\/con-un-video-musical-el-foro-olavarria-fr-celebro-el-155-aniversario-de-olavarria\/","title":{"rendered":"Con un video musical, el Foro Olavarr\u00eda &#8211; FR celebr\u00f3 el 155 aniversario de Olavarr\u00eda"},"content":{"rendered":"<p dir=\"ltr\" style=\"text-align: center;\"><em>El espacio conducido por Eduardo Rodr\u00edguez, la concejala In\u00e9s Creimer y el concejal Gast\u00f3n Sarachu conmemora los 155 a\u00f1os de la ciudad con un video musical. El mismo est\u00e1 disponible en su canal de YouTube.<\/em><\/p>\n<p>&nbsp;<\/p>\n<p dir=\"ltr\">Para celebrar los 155 a\u00f1os de la fundaci\u00f3n de Olavarr\u00eda, el Foro Olavarr\u00eda &#8211; Frente Renovador en el Frente de Todos se suma a los festejos con una distintiva producci\u00f3n audiovisual disponible a trav\u00e9s de su canal de YouTube.<\/p>\n<p dir=\"ltr\"><iframe title=\"YouTube video player\" src=\"https:\/\/www.youtube.com\/embed\/fZ-5L_9eua8\" width=\"760\" height=\"515\" frameborder=\"0\" allowfullscreen=\"allowfullscreen\"><span data-mce-type=\"bookmark\" style=\"display: inline-block; width: 0px; overflow: hidden; line-height: 0;\" class=\"mce_SELRES_start\">\ufeff<\/span><\/iframe>\/p&gt;<\/p>\n<p dir=\"ltr\">En esta oportunidad, el espacio conducido por Eduardo Rodr\u00edguez, la concejala In\u00e9s Creimer y el concejal Gast\u00f3n Sarachu lanz\u00f3 un video musical junto a la banda \u201cLos Profes Rockers\u201d. El grupo est\u00e1 integrado por Machilo Gonz\u00e1lez en voz y guitarra r\u00edtmica, Marcos Gainza en primera guitarra, Diego Dicharri en bajo, Pablo Pinochi en teclados y Gino Caruso en bater\u00eda.<\/p>\n<p dir=\"ltr\">El video musical, titulado &#8220;No me arrepiento de este amor por Olavarr\u00eda&#8221;, se trata de una adaptaci\u00f3n de la popular canci\u00f3n de Gilda \u201cNo me arrepiento de este amor\u201d, en su versi\u00f3n realizada por Attaque 77. La letra fue modificada para destacar varios puntos que hacen a Olavarr\u00eda, como el compromiso de sus vecinos, el valor de la industria, el comercio y la cultura, entre otros puntos de igual relevancia.<\/p>\n<p dir=\"ltr\">La grabaci\u00f3n y mezcla de la m\u00fasica se realiz\u00f3 en Estudio CTR a cargo de Renzo Constantino. Por otro lado, la filmaci\u00f3n y edici\u00f3n del video estuvo en manos del equipo del Foro Olavarr\u00eda &#8211; Frente Renovador que est\u00e1 integrado por Agust\u00edn Alfonzo, Luis Donatelli y Gonzalo Cabri.<\/p>\n<p dir=\"ltr\">A pocas horas del nuevo aniversario, Eduardo Rodr\u00edguez hizo p\u00fablico el saludo \u201ca todas las vecinas y vecinos de Olavarr\u00eda que con su compromiso y su trabajo hacen que nuestra ciudad sea una de las m\u00e1s destacadas por su industria, el comercio, el campo, el deporte, la cultura y la capacidad hacedora de su gente\u201d.<\/p>\n","protected":false},"excerpt":{"rendered":"<p>El espacio conducido por Eduardo Rodr\u00edguez, la concejala In\u00e9s Creimer y el concejal Gast\u00f3n Sarachu conmemora los 155 a\u00f1os de la ciudad con un video musical. El mismo est\u00e1 disponible en su canal de YouTube. &nbsp; Para celebrar los 155 a\u00f1os de la fundaci\u00f3n de Olavarr\u00eda, el Foro Olavarr\u00eda &#8211; Frente Renovador en el Frente [&hellip;]<\/p>\n","protected":false},"author":2,"featured_media":57159,"comment_status":"open","ping_status":"open","sticky":false,"template":"","format":"standard","meta":{"footnotes":""},"categories":[2],"tags":[],"class_list":["post-57158","post","type-post","status-publish","format-standard","has-post-thumbnail","hentry","category-noticias-y-actividades"],"_links":{"self":[{"href":"https:\/\/037.com.ar\/foronuevo\/wp-json\/wp\/v2\/posts\/57158","targetHints":{"allow":["GET"]}}],"collection":[{"href":"https:\/\/037.com.ar\/foronuevo\/wp-json\/wp\/v2\/posts"}],"about":[{"href":"https:\/\/037.com.ar\/foronuevo\/wp-json\/wp\/v2\/types\/post"}],"author":[{"embeddable":true,"href":"https:\/\/037.com.ar\/foronuevo\/wp-json\/wp\/v2\/users\/2"}],"replies":[{"embeddable":true,"href":"https:\/\/037.com.ar\/foronuevo\/wp-json\/wp\/v2\/comments?post=57158"}],"version-history":[{"count":0,"href":"https:\/\/037.com.ar\/foronuevo\/wp-json\/wp\/v2\/posts\/57158\/revisions"}],"wp:featuredmedia":[{"embeddable":true,"href":"https:\/\/037.com.ar\/foronuevo\/wp-json\/wp\/v2\/media\/57159"}],"wp:attachment":[{"href":"https:\/\/037.com.ar\/foronuevo\/wp-json\/wp\/v2\/media?parent=57158"}],"wp:term":[{"taxonomy":"category","embeddable":true,"href":"https:\/\/037.com.ar\/foronuevo\/wp-json\/wp\/v2\/categories?post=57158"},{"taxonomy":"post_tag","embeddable":true,"href":"https:\/\/037.com.ar\/foronuevo\/wp-json\/wp\/v2\/tags?post=57158"}],"curies":[{"name":"wp","href":"https:\/\/api.w.org\/{rel}","templated":true}]}}