{"id":57164,"date":"2022-11-26T13:26:10","date_gmt":"2022-11-26T13:26:10","guid":{"rendered":"https:\/\/foroolavarria.org\/?p=57164"},"modified":"2022-11-26T13:26:10","modified_gmt":"2022-11-26T13:26:10","slug":"eduardo-rodriguez-destaco-la-continuidad-de-la-fiesta-de-olavarria-es-de-todos-los-olavarrienses","status":"publish","type":"post","link":"https:\/\/037.com.ar\/foronuevo\/eduardo-rodriguez-destaco-la-continuidad-de-la-fiesta-de-olavarria-es-de-todos-los-olavarrienses\/","title":{"rendered":"Eduardo Rodr\u00edguez destac\u00f3 la continuidad de la Fiesta de Olavarr\u00eda: &#8220;Es de todos los olavarrienses&#8221;"},"content":{"rendered":"<p style=\"text-align: center;\"><em>El referente del Foro Olavarr\u00eda-Frente Renovador valor\u00f3 desde sus redes sociales que la fiesta Aniversario que se inici\u00f3 durante el gobierno del ex Intendente Jos\u00e9 Eseverri, contin\u00fae en la actual gesti\u00f3n Municipal<\/em><\/p>\n<div dir=\"auto\">&#8220;\u00a1\u00a1Que linda Olavarr\u00eda!!! \u00a1La Fiesta Aniversario explot\u00f3 de gente! escribi\u00f3 Eduardo Rodriguez en sus redes sociales y agreg\u00f3 que &#8220;celebro un a\u00f1o m\u00e1s de mi querida ciudad y tambi\u00e9n celebro que esta Fiesta que iniciamos en la gesti\u00f3n del ex Intendente Jos\u00e9 Eseverri tenga continuidad en la gesti\u00f3n actual&#8221;.<\/div>\n<div dir=\"auto\">Por \u00faltimo se\u00f1al\u00f3 &#8220;\u00a1\u00a1Vamos la Fiesta de los y las olavarrienses!!&#8221;<\/div>\n<p><iframe style=\"border: none; overflow: hidden;\" src=\"https:\/\/www.facebook.com\/plugins\/post.php?href=https%3A%2F%2Fwww.facebook.com%2Feduardorodriguezconcejaldeolavarria%2Fposts%2Fpfbid0UxAs2vpJ2oCdUMYEvh8J7f6FD1Kv2pNsSGCvps6P3D8bvggp7JART7gLjnJCuRdkl&amp;show_text=true&amp;width=500\" width=\"500\" height=\"542\" frameborder=\"0\" scrolling=\"no\" allowfullscreen=\"allowfullscreen\"><\/iframe><\/p>\n<p>Como se recordar\u00e1, la primera edici\u00f3n de la Fiesta Aniversario de Olavarr\u00eda se realiz\u00f3 el domingo 23 de noviembre del a\u00f1o 2008 para celebrar los 141 a\u00f1os de la fundaci\u00f3n de la ciudad. Durante la gesti\u00f3n del ex Intendente Jos\u00e9 Eseverri, donde Eduardo Rodriguez cumpl\u00eda funciones como Subsecretario de Cultura, Educaci\u00f3n y Turismo Municipal, \u00a0la Fiesta se desarroll\u00f3 en el Parque Mitre con la presentaci\u00f3n de artistas locales y el cierre a cargo de Soledad Pastorutti.<\/p>\n","protected":false},"excerpt":{"rendered":"<p>El referente del Foro Olavarr\u00eda-Frente Renovador valor\u00f3 desde sus redes sociales que la fiesta Aniversario que se inici\u00f3 durante el gobierno del ex Intendente Jos\u00e9 Eseverri, contin\u00fae en la actual gesti\u00f3n Municipal &#8220;\u00a1\u00a1Que linda Olavarr\u00eda!!! \u00a1La Fiesta Aniversario explot\u00f3 de gente! escribi\u00f3 Eduardo Rodriguez en sus redes sociales y agreg\u00f3 que &#8220;celebro un a\u00f1o m\u00e1s [&hellip;]<\/p>\n","protected":false},"author":2,"featured_media":57064,"comment_status":"open","ping_status":"open","sticky":false,"template":"","format":"standard","meta":{"footnotes":""},"categories":[2],"tags":[],"class_list":["post-57164","post","type-post","status-publish","format-standard","has-post-thumbnail","hentry","category-noticias-y-actividades"],"_links":{"self":[{"href":"https:\/\/037.com.ar\/foronuevo\/wp-json\/wp\/v2\/posts\/57164","targetHints":{"allow":["GET"]}}],"collection":[{"href":"https:\/\/037.com.ar\/foronuevo\/wp-json\/wp\/v2\/posts"}],"about":[{"href":"https:\/\/037.com.ar\/foronuevo\/wp-json\/wp\/v2\/types\/post"}],"author":[{"embeddable":true,"href":"https:\/\/037.com.ar\/foronuevo\/wp-json\/wp\/v2\/users\/2"}],"replies":[{"embeddable":true,"href":"https:\/\/037.com.ar\/foronuevo\/wp-json\/wp\/v2\/comments?post=57164"}],"version-history":[{"count":0,"href":"https:\/\/037.com.ar\/foronuevo\/wp-json\/wp\/v2\/posts\/57164\/revisions"}],"wp:featuredmedia":[{"embeddable":true,"href":"https:\/\/037.com.ar\/foronuevo\/wp-json\/wp\/v2\/media\/57064"}],"wp:attachment":[{"href":"https:\/\/037.com.ar\/foronuevo\/wp-json\/wp\/v2\/media?parent=57164"}],"wp:term":[{"taxonomy":"category","embeddable":true,"href":"https:\/\/037.com.ar\/foronuevo\/wp-json\/wp\/v2\/categories?post=57164"},{"taxonomy":"post_tag","embeddable":true,"href":"https:\/\/037.com.ar\/foronuevo\/wp-json\/wp\/v2\/tags?post=57164"}],"curies":[{"name":"wp","href":"https:\/\/api.w.org\/{rel}","templated":true}]}}