{"id":57182,"date":"2022-12-17T13:53:26","date_gmt":"2022-12-17T13:53:26","guid":{"rendered":"https:\/\/foroolavarria.org\/?p=57182"},"modified":"2022-12-17T13:53:26","modified_gmt":"2022-12-17T13:53:26","slug":"ante-un-gran-marco-de-publico-foro-olavarria-fr-realizo-un-encuentro-de-fin-de-ano-en-el-sum-de-aoma","status":"publish","type":"post","link":"https:\/\/037.com.ar\/foronuevo\/ante-un-gran-marco-de-publico-foro-olavarria-fr-realizo-un-encuentro-de-fin-de-ano-en-el-sum-de-aoma\/","title":{"rendered":"Ante un gran marco de p\u00fablico, Foro Olavarr\u00eda &#8211; FR realiz\u00f3 un encuentro de fin de a\u00f1o en el SUM de AOMA"},"content":{"rendered":"<p><em>El espacio que representa a nivel local a Sergio Massa despidi\u00f3 el 2022 con un positivo balance y una gran presencia de referentes pol\u00edticos y vecinos.<\/em><\/p>\n<p dir=\"ltr\">El Foro Olavarr\u00eda &#8211; Frente Renovador en el Frente de Todos, espacio que conducen Eduardo Rodr\u00edguez, la concejala In\u00e9s Creimer y el concejal Gast\u00f3n Sarachu, realiz\u00f3 un encuentro de cierre de a\u00f1o este lunes. Pasadas las 19:30 hs, el SUM de AOMA fue anfitri\u00f3n de un evento que cont\u00f3 con una gran cantidad de p\u00fablico conformado por vecinos y distintos referentes de la pol\u00edtica local y seccional.<\/p>\n<p dir=\"ltr\">De las principales figuras que acompa\u00f1aron el cierre de a\u00f1o del Foro Olavarr\u00eda &#8211; Frente Renovador en el Frente de Todos se encontraban la concejala In\u00e9s Creimer y el concejal Gast\u00f3n Sarachu; el presidente de AUBASA y referente seccional, Ricardo Lissalde; el Diputado Provincial, C\u00e9sar Valicenti; el Director Provincial de Poblaci\u00f3n, Guillermo Santell\u00e1n; el subsecretario de Miner\u00eda de la Provincia, Federico Aguilera; Ramiro Borzi, referente de Proyecto Peronista; y los referentes del Movimiento Evita, Solange Rivarola Vales y Ariel Rodr\u00edguez.<\/p>\n<p dir=\"ltr\">La noche dio comienzo con un video que resumi\u00f3 la actividad anual del Foro Olavarr\u00eda &#8211; Frente Renovador que fue desde el trabajo en el \u00e1mbito deliberativo, las producciones audiovisuales realizadas, la CNRT y las distintas gestiones que realiz\u00f3 Eduardo Rodr\u00edguez con organismos nacionales y provinciales.<\/p>\n<p dir=\"ltr\">Luego del audiovisual, Ricardo Lissalde tom\u00f3 la palabra para celebrar un <em>\u201cgran cierre de a\u00f1o del Frente Renovador en Olavarr\u00eda\u201d<\/em>. <em>\u201cEl Frente de Todos tiene un gran trabajo por delante para recuperar el municipio\u201d<\/em>, se\u00f1al\u00f3 el Presidente de AUBASA.<\/p>\n<p dir=\"ltr\">Posteriormente fue el turno del principal vocero de la noche, Eduardo Rodr\u00edguez. El referente del massismo en Olavarr\u00eda dedic\u00f3 sus palabras a destacar <em>\u201cun gran a\u00f1o de trabajo del Foro Olavarr\u00eda &#8211; Frente Renovador\u201d<\/em>. Por otra parte, celebr\u00f3 <em>\u201cel acompa\u00f1amiento de la Mesa Local del Frente de Todos, con la cual venimos trabajando desde la conformaci\u00f3n del frente\u201d<\/em>.<\/p>\n<p dir=\"ltr\">En su discurso, Eduardo Rodr\u00edguez hizo menci\u00f3n al contexto nacional y mundial al destacar que <em>\u201cel 2022 fue el a\u00f1o en que volvimos a la normalidad luego de 2 a\u00f1os de pandemia, pero tambi\u00e9n hay que tener en cuenta que hubo una guerra entre Rusia y Ucrania que impact\u00f3 en todo el mundo\u201d<\/em>. <em>\u201cAnte este contexto, Sergio Massa se hizo cargo del Ministerio de Econom\u00eda con el objetivo de llevar previsibilidad y recuperar los ingresos de los trabajadores y trabajadoras\u201d<\/em>, dijo Rodr\u00edguez.<\/p>\n<p dir=\"ltr\">Por otra parte, el referente del Foro Olavarr\u00eda &#8211; Frente Renovador en el Frente de Todos fue contundente con el Gobierno Municipal al se\u00f1alar que <em>\u201cesta gesti\u00f3n no impuls\u00f3 un solo nuevo proyecto para el Partido de Olavarr\u00eda que le asegure la posibilidad de desarrollo\u201d<\/em>. <em>\u201cTenemos que trabajar para darle a los vecinos un futuro de ciudad concreto y para eso es necesario recuperar el orden, el trabajo, la idea de progresismo y el amor por Olavarr\u00eda en la gesti\u00f3n municipal\u201d<\/em>, se\u00f1al\u00f3.<\/p>\n<p dir=\"ltr\">Mir\u00e1 por ac\u00e1<a href=\"https:\/\/www.youtube.com\/watch?v=kEwGi_X3pUc\"> El trabajo del Foro Olavarr\u00eda Frente Renovador durante el 2022 &#8211; YouTube<\/a><\/p>\n<blockquote class=\"twitter-tweet\">\n<p dir=\"ltr\" lang=\"es\">Encuentro de fin de a\u00f1o de Foro Olavarr\u00eda &#8211; <a href=\"https:\/\/twitter.com\/OlavarriaFR?ref_src=twsrc%5Etfw\">@OlavarriaFR<\/a><\/p>\n<p>Este lunes por la tarde, en el SUM de AOMA, despedimos el 2022 junto a referentes locales y seccionales del FR, representantes del FdT y un gran marco de vecinas y vecinos. <a href=\"https:\/\/twitter.com\/hashtag\/AmorxOlavarr%C3%ADa?src=hash&amp;ref_src=twsrc%5Etfw\">#AmorxOlavarr\u00eda<\/a>\u2764\ufe0f <a href=\"https:\/\/t.co\/qOwYPdUpKD\">pic.twitter.com\/qOwYPdUpKD<\/a><\/p>\n<p>\u2014 Foro Olavarr\u00eda (@ForoOlavarria) <a href=\"https:\/\/twitter.com\/ForoOlavarria\/status\/1602471885496795139?ref_src=twsrc%5Etfw\">December 13, 2022<\/a><\/p><\/blockquote>\n<p><script async src=\"https:\/\/platform.twitter.com\/widgets.js\" charset=\"utf-8\"><\/script><\/p>\n","protected":false},"excerpt":{"rendered":"<p>El espacio que representa a nivel local a Sergio Massa despidi\u00f3 el 2022 con un positivo balance y una gran presencia de referentes pol\u00edticos y vecinos. El Foro Olavarr\u00eda &#8211; Frente Renovador en el Frente de Todos, espacio que conducen Eduardo Rodr\u00edguez, la concejala In\u00e9s Creimer y el concejal Gast\u00f3n Sarachu, realiz\u00f3 un encuentro de [&hellip;]<\/p>\n","protected":false},"author":2,"featured_media":57183,"comment_status":"open","ping_status":"open","sticky":false,"template":"","format":"standard","meta":{"footnotes":""},"categories":[2],"tags":[],"class_list":["post-57182","post","type-post","status-publish","format-standard","has-post-thumbnail","hentry","category-noticias-y-actividades"],"_links":{"self":[{"href":"https:\/\/037.com.ar\/foronuevo\/wp-json\/wp\/v2\/posts\/57182","targetHints":{"allow":["GET"]}}],"collection":[{"href":"https:\/\/037.com.ar\/foronuevo\/wp-json\/wp\/v2\/posts"}],"about":[{"href":"https:\/\/037.com.ar\/foronuevo\/wp-json\/wp\/v2\/types\/post"}],"author":[{"embeddable":true,"href":"https:\/\/037.com.ar\/foronuevo\/wp-json\/wp\/v2\/users\/2"}],"replies":[{"embeddable":true,"href":"https:\/\/037.com.ar\/foronuevo\/wp-json\/wp\/v2\/comments?post=57182"}],"version-history":[{"count":0,"href":"https:\/\/037.com.ar\/foronuevo\/wp-json\/wp\/v2\/posts\/57182\/revisions"}],"wp:featuredmedia":[{"embeddable":true,"href":"https:\/\/037.com.ar\/foronuevo\/wp-json\/wp\/v2\/media\/57183"}],"wp:attachment":[{"href":"https:\/\/037.com.ar\/foronuevo\/wp-json\/wp\/v2\/media?parent=57182"}],"wp:term":[{"taxonomy":"category","embeddable":true,"href":"https:\/\/037.com.ar\/foronuevo\/wp-json\/wp\/v2\/categories?post=57182"},{"taxonomy":"post_tag","embeddable":true,"href":"https:\/\/037.com.ar\/foronuevo\/wp-json\/wp\/v2\/tags?post=57182"}],"curies":[{"name":"wp","href":"https:\/\/api.w.org\/{rel}","templated":true}]}}