{"id":57186,"date":"2022-12-17T14:08:12","date_gmt":"2022-12-17T14:08:12","guid":{"rendered":"https:\/\/foroolavarria.org\/?p=57186"},"modified":"2022-12-17T14:08:12","modified_gmt":"2022-12-17T14:08:12","slug":"resumen-del-encuentro-de-fin-de-ano-del-foro-olavarria-frente-renovador","status":"publish","type":"post","link":"https:\/\/037.com.ar\/foronuevo\/resumen-del-encuentro-de-fin-de-ano-del-foro-olavarria-frente-renovador\/","title":{"rendered":"Resumen del encuentro de fin de a\u00f1o del Foro Olavarr\u00eda &#8211; Frente Renovador"},"content":{"rendered":"<p>Encuentro de fin de a\u00f1o de Foro Olavarr\u00eda &#8211; Frente Renovador.<\/p>\n<p>El lunes 12 de diciembre por la tarde, en el SUM de AOMA, despedimos el 2022 junto a referentes locales y seccionales del FR, representantes del FdT y un gran marco de vecinas y vecinos.<\/p>\n<p>Por ac\u00e1 podes ver el resumen de la jornada: <a href=\"https:\/\/www.youtube.com\/watch?v=YdZ_kdgVYMg\">\u00a0Resumen del encuentro de fin de a\u00f1o del Foro Olavarr\u00eda &#8211; Frente Renovador &#8211; YouTube<\/a><\/p>\n<blockquote class=\"twitter-tweet\">\n<p dir=\"ltr\" lang=\"es\">Acompa\u00f1ados de referentes y dirigentes locales y seccionales del FR, la Mesa Local del Frente de Todos, y junto a vecinos y vecinas, llevamos adelante un gran cierre de a\u00f1o. <a href=\"https:\/\/twitter.com\/hashtag\/AmorXOlavarr%C3%ADa?src=hash&amp;ref_src=twsrc%5Etfw\">#AmorXOlavarr\u00eda<\/a>\u2764\ufe0f es lo que sentimos y queremos para transformar la ciudad. <a href=\"https:\/\/t.co\/XIxhlwrCs8\">pic.twitter.com\/XIxhlwrCs8<\/a><\/p>\n<p>\u2014 Eduardo Rodr\u00edguez (@rodriguezolav) <a href=\"https:\/\/twitter.com\/rodriguezolav\/status\/1602651444175425537?ref_src=twsrc%5Etfw\">December 13, 2022<\/a><\/p><\/blockquote>\n<p><script async src=\"https:\/\/platform.twitter.com\/widgets.js\" charset=\"utf-8\"><\/script><\/p>\n","protected":false},"excerpt":{"rendered":"<p>Encuentro de fin de a\u00f1o de Foro Olavarr\u00eda &#8211; Frente Renovador. El lunes 12 de diciembre por la tarde, en el SUM de AOMA, despedimos el 2022 junto a referentes locales y seccionales del FR, representantes del FdT y un gran marco de vecinas y vecinos. Por ac\u00e1 podes ver el resumen de la jornada: [&hellip;]<\/p>\n","protected":false},"author":2,"featured_media":57187,"comment_status":"open","ping_status":"open","sticky":false,"template":"","format":"standard","meta":{"footnotes":""},"categories":[2],"tags":[],"class_list":["post-57186","post","type-post","status-publish","format-standard","has-post-thumbnail","hentry","category-noticias-y-actividades"],"_links":{"self":[{"href":"https:\/\/037.com.ar\/foronuevo\/wp-json\/wp\/v2\/posts\/57186","targetHints":{"allow":["GET"]}}],"collection":[{"href":"https:\/\/037.com.ar\/foronuevo\/wp-json\/wp\/v2\/posts"}],"about":[{"href":"https:\/\/037.com.ar\/foronuevo\/wp-json\/wp\/v2\/types\/post"}],"author":[{"embeddable":true,"href":"https:\/\/037.com.ar\/foronuevo\/wp-json\/wp\/v2\/users\/2"}],"replies":[{"embeddable":true,"href":"https:\/\/037.com.ar\/foronuevo\/wp-json\/wp\/v2\/comments?post=57186"}],"version-history":[{"count":0,"href":"https:\/\/037.com.ar\/foronuevo\/wp-json\/wp\/v2\/posts\/57186\/revisions"}],"wp:featuredmedia":[{"embeddable":true,"href":"https:\/\/037.com.ar\/foronuevo\/wp-json\/wp\/v2\/media\/57187"}],"wp:attachment":[{"href":"https:\/\/037.com.ar\/foronuevo\/wp-json\/wp\/v2\/media?parent=57186"}],"wp:term":[{"taxonomy":"category","embeddable":true,"href":"https:\/\/037.com.ar\/foronuevo\/wp-json\/wp\/v2\/categories?post=57186"},{"taxonomy":"post_tag","embeddable":true,"href":"https:\/\/037.com.ar\/foronuevo\/wp-json\/wp\/v2\/tags?post=57186"}],"curies":[{"name":"wp","href":"https:\/\/api.w.org\/{rel}","templated":true}]}}