{"id":57189,"date":"2022-12-17T14:14:56","date_gmt":"2022-12-17T14:14:56","guid":{"rendered":"https:\/\/foroolavarria.org\/?p=57189"},"modified":"2022-12-17T14:14:56","modified_gmt":"2022-12-17T14:14:56","slug":"el-saludo-de-sergio-massa-para-el-equipo-del-foro-olavarria-frente-renovador","status":"publish","type":"post","link":"https:\/\/037.com.ar\/foronuevo\/el-saludo-de-sergio-massa-para-el-equipo-del-foro-olavarria-frente-renovador\/","title":{"rendered":"El saludo de Sergio Massa para el equipo del Foro Olavarr\u00eda- Frente Renovador"},"content":{"rendered":"<p>El Ministro de Econom\u00eda de la Naci\u00f3n, Sergio Massa, salud\u00f3 al equipo del Foro Olavarr\u00eda &#8211; Frente Renovador y a vecinos y vecinas de Olavarr\u00eda por el cierre de a\u00f1o.<\/p>\n<p>Podes ver por ac\u00e1 <a href=\"https:\/\/www.youtube.com\/watch?v=tIiLw93H0JI\">El saludo de @SergioMassa para el equipo del Foro Olavarr\u00eda- Frente Renovador &#8211; YouTube<\/a><\/p>\n<blockquote class=\"twitter-tweet\">\n<p dir=\"ltr\" lang=\"es\">Nuestro referente <a href=\"https:\/\/twitter.com\/SergioMassa?ref_src=twsrc%5Etfw\">@SergioMassa<\/a> haciendo un lugarcito en su agenda para acompa\u00f1arnos y saludar a las vecinas y vecinos de <a href=\"https:\/\/twitter.com\/hashtag\/Olavarr%C3%ADa?src=hash&amp;ref_src=twsrc%5Etfw\">#Olavarr\u00eda<\/a> en este fin de a\u00f1o!<a href=\"https:\/\/twitter.com\/hashtag\/ArgentinaUnida?src=hash&amp;ref_src=twsrc%5Etfw\">#ArgentinaUnida<\/a>\u2764\ufe0f\ud83c\udde6\ud83c\uddf7 <a href=\"https:\/\/t.co\/H7OhVBp5S5\">pic.twitter.com\/H7OhVBp5S5<\/a><\/p>\n<p>\u2014 Eduardo Rodr\u00edguez (@rodriguezolav) <a href=\"https:\/\/twitter.com\/rodriguezolav\/status\/1602510789335781381?ref_src=twsrc%5Etfw\">December 13, 2022<\/a><\/p><\/blockquote>\n<p><script async src=\"https:\/\/platform.twitter.com\/widgets.js\" charset=\"utf-8\"><\/script><\/p>\n","protected":false},"excerpt":{"rendered":"<p>El Ministro de Econom\u00eda de la Naci\u00f3n, Sergio Massa, salud\u00f3 al equipo del Foro Olavarr\u00eda &#8211; Frente Renovador y a vecinos y vecinas de Olavarr\u00eda por el cierre de a\u00f1o. Podes ver por ac\u00e1 El saludo de @SergioMassa para el equipo del Foro Olavarr\u00eda- Frente Renovador &#8211; YouTube Nuestro referente @SergioMassa haciendo un lugarcito en [&hellip;]<\/p>\n","protected":false},"author":2,"featured_media":57190,"comment_status":"open","ping_status":"open","sticky":false,"template":"","format":"standard","meta":{"footnotes":""},"categories":[2],"tags":[],"class_list":["post-57189","post","type-post","status-publish","format-standard","has-post-thumbnail","hentry","category-noticias-y-actividades"],"_links":{"self":[{"href":"https:\/\/037.com.ar\/foronuevo\/wp-json\/wp\/v2\/posts\/57189","targetHints":{"allow":["GET"]}}],"collection":[{"href":"https:\/\/037.com.ar\/foronuevo\/wp-json\/wp\/v2\/posts"}],"about":[{"href":"https:\/\/037.com.ar\/foronuevo\/wp-json\/wp\/v2\/types\/post"}],"author":[{"embeddable":true,"href":"https:\/\/037.com.ar\/foronuevo\/wp-json\/wp\/v2\/users\/2"}],"replies":[{"embeddable":true,"href":"https:\/\/037.com.ar\/foronuevo\/wp-json\/wp\/v2\/comments?post=57189"}],"version-history":[{"count":0,"href":"https:\/\/037.com.ar\/foronuevo\/wp-json\/wp\/v2\/posts\/57189\/revisions"}],"wp:featuredmedia":[{"embeddable":true,"href":"https:\/\/037.com.ar\/foronuevo\/wp-json\/wp\/v2\/media\/57190"}],"wp:attachment":[{"href":"https:\/\/037.com.ar\/foronuevo\/wp-json\/wp\/v2\/media?parent=57189"}],"wp:term":[{"taxonomy":"category","embeddable":true,"href":"https:\/\/037.com.ar\/foronuevo\/wp-json\/wp\/v2\/categories?post=57189"},{"taxonomy":"post_tag","embeddable":true,"href":"https:\/\/037.com.ar\/foronuevo\/wp-json\/wp\/v2\/tags?post=57189"}],"curies":[{"name":"wp","href":"https:\/\/api.w.org\/{rel}","templated":true}]}}