{"id":57213,"date":"2023-01-23T18:29:30","date_gmt":"2023-01-23T18:29:30","guid":{"rendered":"https:\/\/foroolavarria.org\/?p=57213"},"modified":"2023-01-23T18:29:30","modified_gmt":"2023-01-23T18:29:30","slug":"el-campo-necesita-ayuda-y-sergio-massa-trabaja-en-buscar-soluciones-para-el-sector","status":"publish","type":"post","link":"https:\/\/037.com.ar\/foronuevo\/el-campo-necesita-ayuda-y-sergio-massa-trabaja-en-buscar-soluciones-para-el-sector\/","title":{"rendered":"\u201cEl campo necesita ayuda y Sergio Massa trabaja en buscar soluciones para el sector\u201d"},"content":{"rendered":"<p dir=\"ltr\">As\u00ed lo manifest\u00f3 el concejal Gast\u00f3n Sarachu en base a las reuniones que el Ministro de Econom\u00eda mantuvo en los \u00faltimos d\u00edas con representantes del sector agropecuario. Tambi\u00e9n destac\u00f3 las gestiones de Eduardo Rodr\u00edguez para que las pol\u00edticas nacionales y provinciales lleguen a Olavarr\u00eda.<\/p>\n<blockquote>\n<p dir=\"ltr\">En los \u00faltimos d\u00edas, el Ministro de Econom\u00eda, Sergio Massa, impuls\u00f3 una Mesa de Trabajo junto a AFIP, INTA, Banco Naci\u00f3n, distintas Secretar\u00edas del Ministerio de Econom\u00eda y representantes del sector agropecuario con el objetivo de atender las problem\u00e1ticas derivadas de la preocupante sequ\u00eda.<\/p>\n<\/blockquote>\n<p dir=\"ltr\">A la espera de las medidas que el Gobierno Nacional efectuar\u00e1 en los pr\u00f3ximos d\u00edas para contrarrestar la crisis originada por la falta de lluvias, desde la gobernaci\u00f3n provincial de Axel Kicillof, a trav\u00e9s del Banco Provincia, se otorgan cr\u00e9ditos especiales a peque\u00f1os y medianos productores. Esta iniciativa surge de la declaraci\u00f3n de la emergencia agropecuaria del pasado 11 de noviembre de 2022.<\/p>\n<p dir=\"ltr\">El concejal del Foro Olavarr\u00eda &#8211; Frente Renovador en el Frente de Todos, Gast\u00f3n Sarachu, se expres\u00f3 al respecto de las reuniones del Ministro, Sergio Massa, con representantes del sector agropecuario. \u201cEl campo necesita ayuda y Sergio Massa trabaja en buscar soluciones para el sector\u201d, indic\u00f3.<\/p>\n<blockquote>\n<p dir=\"ltr\">En este sentido, el concejal tambi\u00e9n destac\u00f3 la labor de Eduardo Rodr\u00edguez, referente del massismo en Olavarr\u00eda, en cuanto \u201ca las gestiones que realiza con distintos funcionarios Nacionales y Provinciales para que estas medidas lleguen a Olavarr\u00eda\u201d.<\/p>\n<\/blockquote>\n<p dir=\"ltr\">En l\u00ednea con lo dicho por el Ministro de Econom\u00eda, Sarachu se\u00f1al\u00f3 que \u201cel campo es uno de los principales motores de nuestra econom\u00eda, junto con la industria, y en esta situaci\u00f3n cr\u00edtica el Estado se ocupa de brindar soluciones\u201d.<\/p>\n<p dir=\"ltr\">Para m\u00e1s informaci\u00f3n acercarse a la Casa Eduardo \u201cChino\u201d Correa, en Belgrano 3222, de lunes a viernes de 9 a 13 horas. O comunicarse a trav\u00e9s de las siguientes v\u00edas:<\/p>\n<p dir=\"ltr\">P\u00e1gina oficial:<a href=\"http:\/\/www.foroolavarria.org\/\" target=\"_blank\" rel=\"noopener\" data-saferedirecturl=\"https:\/\/www.google.com\/url?q=http:\/\/www.foroolavarria.org\/&amp;source=gmail&amp;ust=1674577200761000&amp;usg=AOvVaw0VZBSKBJh7HfWNDT3dwv3o\"> www.foroolavarria.org<\/a><\/p>\n<p dir=\"ltr\">Mail: <a href=\"mailto:foroolavarria@gmail.com\" target=\"_blank\" rel=\"noopener\">foroolavarria@gmail.com<\/a><\/p>\n<p dir=\"ltr\">Tel\u00e9fono: 2284-554873<\/p>\n","protected":false},"excerpt":{"rendered":"<p>As\u00ed lo manifest\u00f3 el concejal Gast\u00f3n Sarachu en base a las reuniones que el Ministro de Econom\u00eda mantuvo en los \u00faltimos d\u00edas con representantes del sector agropecuario. Tambi\u00e9n destac\u00f3 las gestiones de Eduardo Rodr\u00edguez para que las pol\u00edticas nacionales y provinciales lleguen a Olavarr\u00eda. En los \u00faltimos d\u00edas, el Ministro de Econom\u00eda, Sergio Massa, impuls\u00f3 [&hellip;]<\/p>\n","protected":false},"author":2,"featured_media":57214,"comment_status":"open","ping_status":"open","sticky":false,"template":"","format":"standard","meta":{"footnotes":""},"categories":[2],"tags":[],"class_list":["post-57213","post","type-post","status-publish","format-standard","has-post-thumbnail","hentry","category-noticias-y-actividades"],"_links":{"self":[{"href":"https:\/\/037.com.ar\/foronuevo\/wp-json\/wp\/v2\/posts\/57213","targetHints":{"allow":["GET"]}}],"collection":[{"href":"https:\/\/037.com.ar\/foronuevo\/wp-json\/wp\/v2\/posts"}],"about":[{"href":"https:\/\/037.com.ar\/foronuevo\/wp-json\/wp\/v2\/types\/post"}],"author":[{"embeddable":true,"href":"https:\/\/037.com.ar\/foronuevo\/wp-json\/wp\/v2\/users\/2"}],"replies":[{"embeddable":true,"href":"https:\/\/037.com.ar\/foronuevo\/wp-json\/wp\/v2\/comments?post=57213"}],"version-history":[{"count":0,"href":"https:\/\/037.com.ar\/foronuevo\/wp-json\/wp\/v2\/posts\/57213\/revisions"}],"wp:featuredmedia":[{"embeddable":true,"href":"https:\/\/037.com.ar\/foronuevo\/wp-json\/wp\/v2\/media\/57214"}],"wp:attachment":[{"href":"https:\/\/037.com.ar\/foronuevo\/wp-json\/wp\/v2\/media?parent=57213"}],"wp:term":[{"taxonomy":"category","embeddable":true,"href":"https:\/\/037.com.ar\/foronuevo\/wp-json\/wp\/v2\/categories?post=57213"},{"taxonomy":"post_tag","embeddable":true,"href":"https:\/\/037.com.ar\/foronuevo\/wp-json\/wp\/v2\/tags?post=57213"}],"curies":[{"name":"wp","href":"https:\/\/api.w.org\/{rel}","templated":true}]}}