{"id":57216,"date":"2023-02-08T00:19:32","date_gmt":"2023-02-08T00:19:32","guid":{"rendered":"https:\/\/foroolavarria.org\/?p=57216"},"modified":"2023-02-08T00:19:32","modified_gmt":"2023-02-08T00:19:32","slug":"foro-olavarria-fr-anticipa-los-carnavales-2023-por-redes-sociales","status":"publish","type":"post","link":"https:\/\/037.com.ar\/foronuevo\/foro-olavarria-fr-anticipa-los-carnavales-2023-por-redes-sociales\/","title":{"rendered":"Foro Olavarr\u00eda &#8211; FR anticipa los carnavales 2023 por redes sociales"},"content":{"rendered":"<p dir=\"ltr\" style=\"text-align: left;\"><span style=\"color: #000000;\">El espacio conducido por Eduardo Rodr\u00edguez, la concejala In\u00e9s Creimer y el concejal Gast\u00f3n Sarachu comparti\u00f3 en sus redes la primera edici\u00f3n de una serie de videos con curiosidades de los Corsos olavarrienses.<\/span><\/p>\n<p dir=\"ltr\" style=\"text-align: left;\"><span style=\"color: #000000;\">A pocos d\u00edas de celebrarse una nueva edici\u00f3n de los Corsos Oficiales de Olavarr\u00eda, el Foro Olavarr\u00eda &#8211; Frente Renovador enciende la previa con una serie de videos en sus redes sociales bajo el t\u00edtulo de <strong>#DatazosDelCarnavalOlavarr\u00eda<\/strong>. El espacio conducido por Eduardo Rodr\u00edguez, la concejala In\u00e9s Creimer y el concejal Gast\u00f3n Sarachu estren\u00f3 este martes el primer video con la participaci\u00f3n de la murga Arrebatando L\u00e1grimas. En los pr\u00f3ximos d\u00edas, saldr\u00e1n a la luz m\u00e1s publicaciones con distintas murgas, comparsas y bater\u00edas de nuestra ciudad.<\/span><\/p>\n<p dir=\"ltr\" style=\"text-align: left;\"><span style=\"color: #000000;\">En un divertido y ameno formato, el material audiovisual presenta datos curiosos de las agrupaciones, relatados por sus integrantes, y sobre la historia de los Corsos de Olavarr\u00eda desde su recuperaci\u00f3n en el a\u00f1o 2004 a trav\u00e9s de la voz de Eduardo Rodr\u00edguez, conocedor de los entretelones de los Corsos Oficiales por su trabajo en la gesti\u00f3n de Helios y Jos\u00e9 Eseverri.<\/span><\/p>\n<p dir=\"ltr\" style=\"text-align: left;\"><span style=\"color: #000000;\"><em>&#8220;Celebramos que, nuevamente, Olavarr\u00eda pueda contar con una fiesta popular de este calibre y con estas producciones acompa\u00f1amos al p\u00fablico y las agrupaciones que desfilar\u00e1n por el cors\u00f3dromo para que el festejo sea a\u00fan mayor&#8221;<\/em>, se\u00f1al\u00f3 Eduardo Rodr\u00edguez, principal referente del Foro Olavarr\u00eda &#8211; Frente Renovador. Adem\u00e1s, Rodr\u00edguez destac\u00f3<em> &#8220;el gran trabajo que las agrupaciones realizan durante todo el a\u00f1o, desde lo art\u00edstico y desde la inclusi\u00f3n social tan importante para Olavarr\u00eda&#8221;<\/em>.<\/span><\/p>\n<p dir=\"ltr\"><strong><span style=\"color: #000000;\">Mir\u00e1 todas las ediciones de #DatazosDelCarnavalOlavarr\u00eda<\/span><\/strong><\/p>\n<p dir=\"ltr\"><span style=\"color: #000000;\">Edici\u00f3n 1 &#8211; Arrebatando L\u00e1grimas: <span style=\"color: #333399;\"><a style=\"color: #333399;\" href=\"https:\/\/www.youtube.com\/watch?v=luJi1sWCyrE\">#Datazo de los Carnavales Olavarr\u00eda \u2022 Arrebatando L\u00e1grimas &#8211; YouTube<\/a><\/span><\/span><\/p>\n<p dir=\"ltr\"><span style=\"color: #000000;\">Edici\u00f3n 2 &#8211; GRES Salguero&#8217;s:<span style=\"color: #333399;\"> <a style=\"color: #333399;\" href=\"https:\/\/www.youtube.com\/watch?v=bTISbzRoY7s&amp;feature=youtu.be\">#Datazo de los Carnavales Olavarr\u00eda \u2022 GRES Salguero&#8217;s &#8211; YouTube<\/a><\/span><\/span><\/p>\n<p dir=\"ltr\"><span style=\"color: #000000;\">Edici\u00f3n 3 &#8211; Daii Yar\u00e1:<span style=\"color: #333399;\"> <a style=\"color: #333399;\" href=\"https:\/\/www.youtube.com\/watch?v=Rwzz9ZR8Ffs\">#Datazo de los Carnavales Olavarr\u00eda \u2022 Daii Yar\u00e1 &#8211; YouTube<\/a><\/span><\/span><\/p>\n<p dir=\"ltr\"><span style=\"color: #000000;\">Edici\u00f3n 4 &#8211; VIP SAMBA: <span style=\"color: #333399;\"><a style=\"color: #333399;\" href=\"https:\/\/www.youtube.com\/watch?v=F8byr7pKLRk\">#Datazos del Carnaval Olavarr\u00eda \u2022 VIP SAMBA &#8211; YouTube<\/a><\/span><\/span><\/p>\n<p dir=\"ltr\"><span style=\"color: #000000;\">Edici\u00f3n 5 &#8211; Bahia Ba: <span style=\"color: #333399;\"><a style=\"color: #333399;\" href=\"https:\/\/www.youtube.com\/watch?v=04NVj4Z3Rgk\">#Datazos del Carnaval Olavarr\u00eda \u2022 Bahia Ba &#8211; YouTube<\/a><\/span><\/span><\/p>\n<p dir=\"ltr\"><span style=\"color: #000000;\">Edici\u00f3n 6 &#8211; Insaciables: <span style=\"color: #333399;\"><a style=\"color: #333399;\" href=\"https:\/\/www.youtube.com\/watch?v=NIS-eyTetzg\">#Datazo de los Carnavales Olavarr\u00eda \u2022 Insaciables &#8211; YouTube<\/a><\/span><\/span><\/p>\n<p dir=\"ltr\"><span style=\"color: #000000;\">Edici\u00f3n 7 &#8211; <span style=\"color: #333399;\"><a style=\"color: #333399;\" href=\"https:\/\/www.youtube.com\/watch?v=JGenEpRLG_I\">Cosas que no sabias de los Carnavales de Olavarr\u00eda &#8211; YouTube<\/a><\/span><\/span><\/p>\n","protected":false},"excerpt":{"rendered":"<p>El espacio conducido por Eduardo Rodr\u00edguez, la concejala In\u00e9s Creimer y el concejal Gast\u00f3n Sarachu comparti\u00f3 en sus redes la primera edici\u00f3n de una serie de videos con curiosidades de los Corsos olavarrienses. A pocos d\u00edas de celebrarse una nueva edici\u00f3n de los Corsos Oficiales de Olavarr\u00eda, el Foro Olavarr\u00eda &#8211; Frente Renovador enciende la [&hellip;]<\/p>\n","protected":false},"author":2,"featured_media":57217,"comment_status":"open","ping_status":"open","sticky":false,"template":"","format":"standard","meta":{"footnotes":""},"categories":[2],"tags":[],"class_list":["post-57216","post","type-post","status-publish","format-standard","has-post-thumbnail","hentry","category-noticias-y-actividades"],"_links":{"self":[{"href":"https:\/\/037.com.ar\/foronuevo\/wp-json\/wp\/v2\/posts\/57216","targetHints":{"allow":["GET"]}}],"collection":[{"href":"https:\/\/037.com.ar\/foronuevo\/wp-json\/wp\/v2\/posts"}],"about":[{"href":"https:\/\/037.com.ar\/foronuevo\/wp-json\/wp\/v2\/types\/post"}],"author":[{"embeddable":true,"href":"https:\/\/037.com.ar\/foronuevo\/wp-json\/wp\/v2\/users\/2"}],"replies":[{"embeddable":true,"href":"https:\/\/037.com.ar\/foronuevo\/wp-json\/wp\/v2\/comments?post=57216"}],"version-history":[{"count":0,"href":"https:\/\/037.com.ar\/foronuevo\/wp-json\/wp\/v2\/posts\/57216\/revisions"}],"wp:featuredmedia":[{"embeddable":true,"href":"https:\/\/037.com.ar\/foronuevo\/wp-json\/wp\/v2\/media\/57217"}],"wp:attachment":[{"href":"https:\/\/037.com.ar\/foronuevo\/wp-json\/wp\/v2\/media?parent=57216"}],"wp:term":[{"taxonomy":"category","embeddable":true,"href":"https:\/\/037.com.ar\/foronuevo\/wp-json\/wp\/v2\/categories?post=57216"},{"taxonomy":"post_tag","embeddable":true,"href":"https:\/\/037.com.ar\/foronuevo\/wp-json\/wp\/v2\/tags?post=57216"}],"curies":[{"name":"wp","href":"https:\/\/api.w.org\/{rel}","templated":true}]}}