{"id":57226,"date":"2023-02-13T20:44:13","date_gmt":"2023-02-13T20:44:13","guid":{"rendered":"https:\/\/foroolavarria.org\/?p=57226"},"modified":"2023-02-13T20:44:13","modified_gmt":"2023-02-13T20:44:13","slug":"en-sierras-bayas-eduardo-rodriguez-encabezo-una-reunion-del-fr-con-iniciativas-para-las-localidades","status":"publish","type":"post","link":"https:\/\/037.com.ar\/foronuevo\/en-sierras-bayas-eduardo-rodriguez-encabezo-una-reunion-del-fr-con-iniciativas-para-las-localidades\/","title":{"rendered":"En Sierras Bayas, Eduardo Rodr\u00edguez encabez\u00f3 una reuni\u00f3n del FR con iniciativas para las localidades"},"content":{"rendered":"<p dir=\"ltr\"><span style=\"color: #000000;\">El encuentro se desarroll\u00f3 este jueves en la localidad de Sierras Bayas y cont\u00f3 con la presencia de representantes del Foro Olavarr\u00eda &#8211; Frente Renovador en el Frente de Todos de distintas localidades del Partido de Olavarr\u00eda.<\/span><\/p>\n<p dir=\"ltr\"><span style=\"color: #000000;\">En la tarde del pasado jueves, referentes del Foro Olavarr\u00eda &#8211; Frente Renovador en el Frente de Todos del Partido de Olavarr\u00eda mantuvieron una reuni\u00f3n que se efectu\u00f3 en la localidad de Sierras Bayas con agenda en temas que conciernen a las localidades. Eduardo Rodr\u00edguez, principal referente del massismo local, encabez\u00f3 el encuentro. Entre las figuras presentes se encontraban el concejal Gast\u00f3n Sarachu y representantes de las localidades serranas y rurales.<\/span><\/p>\n<p dir=\"ltr\"><span style=\"color: #000000;\"><em>\u201cConsolidamos este equipo pensando en las necesidades de las localidades, teniendo en cuenta el estado de abandono por parte del Municipio\u201d<\/em>, explic\u00f3 Eduardo Rodr\u00edguez. <em>\u201cEl trabajo en conjunto con cada representante del Frente Renovador en las distintas localidades nos permite conocer aquellas problem\u00e1ticas con las que muchos vecinos y vecinas se enfrentan cotidianamente y a las que el municipio no da respuestas concretas\u201d<\/em>, indic\u00f3.\u00a0<\/span><\/p>\n<p dir=\"ltr\"><span style=\"color: #000000;\">En concreto, Rodr\u00edguez se\u00f1al\u00f3 que el encuentro permiti\u00f3 <em>\u201cgenerar un debate sobre el rol de las localidades y la necesidad de atender a sus principales demandas en materia salud, falta de obras, la necesidad de mayor y mejor conectividad, entre otros&#8221;<\/em>.\u00a0<\/span><\/p>\n<p dir=\"ltr\"><span style=\"color: #000000;\">Adem\u00e1s, el principal referente del massismo en Olavarr\u00eda afirm\u00f3 que <em>\u201ces necesario entender el Partido de Olavarr\u00eda de manera integral. Esto implica pensar en las localidades desde sus potencialidades industriales, tur\u00edsticas, deportivas y culturales para proyectar un futuro pensando en no s\u00f3lo la explotaci\u00f3n de los recursos renovables y no renovables, sino tambi\u00e9n su desarrollo\u201d<\/em>.<\/span><\/p>\n<p dir=\"ltr\"><span style=\"color: #000000;\">Por \u00faltimo, Rodr\u00edguez dijo <em>\u201ctodo esto s\u00f3lo ser\u00e1 posible si contamos con un Municipio que piense en el Partido de Olavarr\u00eda desde una visi\u00f3n de desarrollo y futuro, que acompa\u00f1e a las localidades y que destine los recursos en las necesidades reales de los vecinos y vecinas\u201d<\/em>.<\/span><\/p>\n<p dir=\"ltr\"><span style=\"color: #000000;\">Por su parte, Ra\u00fal Kuhn, ex Delegado Municipal en Sierra Chica, Hinojo y Colonia Hinojo, expres\u00f3 que el objetivo es el de <em>\u201ctrabajar por una Olavarr\u00eda que nos integre a todas las localidades del partido\u201d<\/em>.\u00a0\u00a0\u00a0<\/span><\/p>\n<p dir=\"ltr\"><span style=\"color: #000000;\">De la reuni\u00f3n de los representantes del Foro Olavarr\u00eda &#8211; FR en el Frente de Todos en Sierras Bayas surgi\u00f3 un documento de trabajo el cual aborda las principales necesidades de las localidades.\u00a0<\/span><\/p>\n<p dir=\"ltr\"><span style=\"color: #333399;\"><a style=\"color: #333399;\" href=\"https:\/\/www.youtube.com\/watch?v=6ZgTgKhdc9I\">Eduardo Rodr\u00edguez junto a referentes de las localidades en Sierras Bayas &#8211; YouTube<\/a><\/span><\/p>\n","protected":false},"excerpt":{"rendered":"<p>El encuentro se desarroll\u00f3 este jueves en la localidad de Sierras Bayas y cont\u00f3 con la presencia de representantes del Foro Olavarr\u00eda &#8211; Frente Renovador en el Frente de Todos de distintas localidades del Partido de Olavarr\u00eda. En la tarde del pasado jueves, referentes del Foro Olavarr\u00eda &#8211; Frente Renovador en el Frente de Todos [&hellip;]<\/p>\n","protected":false},"author":2,"featured_media":57227,"comment_status":"open","ping_status":"open","sticky":false,"template":"","format":"standard","meta":{"footnotes":""},"categories":[2],"tags":[],"class_list":["post-57226","post","type-post","status-publish","format-standard","has-post-thumbnail","hentry","category-noticias-y-actividades"],"_links":{"self":[{"href":"https:\/\/037.com.ar\/foronuevo\/wp-json\/wp\/v2\/posts\/57226","targetHints":{"allow":["GET"]}}],"collection":[{"href":"https:\/\/037.com.ar\/foronuevo\/wp-json\/wp\/v2\/posts"}],"about":[{"href":"https:\/\/037.com.ar\/foronuevo\/wp-json\/wp\/v2\/types\/post"}],"author":[{"embeddable":true,"href":"https:\/\/037.com.ar\/foronuevo\/wp-json\/wp\/v2\/users\/2"}],"replies":[{"embeddable":true,"href":"https:\/\/037.com.ar\/foronuevo\/wp-json\/wp\/v2\/comments?post=57226"}],"version-history":[{"count":0,"href":"https:\/\/037.com.ar\/foronuevo\/wp-json\/wp\/v2\/posts\/57226\/revisions"}],"wp:featuredmedia":[{"embeddable":true,"href":"https:\/\/037.com.ar\/foronuevo\/wp-json\/wp\/v2\/media\/57227"}],"wp:attachment":[{"href":"https:\/\/037.com.ar\/foronuevo\/wp-json\/wp\/v2\/media?parent=57226"}],"wp:term":[{"taxonomy":"category","embeddable":true,"href":"https:\/\/037.com.ar\/foronuevo\/wp-json\/wp\/v2\/categories?post=57226"},{"taxonomy":"post_tag","embeddable":true,"href":"https:\/\/037.com.ar\/foronuevo\/wp-json\/wp\/v2\/tags?post=57226"}],"curies":[{"name":"wp","href":"https:\/\/api.w.org\/{rel}","templated":true}]}}