{"id":57273,"date":"2023-04-03T12:36:08","date_gmt":"2023-04-03T12:36:08","guid":{"rendered":"https:\/\/foroolavarria.org\/?p=57273"},"modified":"2023-04-03T12:36:08","modified_gmt":"2023-04-03T12:36:08","slug":"se-conformo-la-junta-promotora-eduardo-intendente","status":"publish","type":"post","link":"https:\/\/037.com.ar\/foronuevo\/se-conformo-la-junta-promotora-eduardo-intendente\/","title":{"rendered":"Se conform\u00f3 la Junta Promotora Eduardo Intendente"},"content":{"rendered":"<p dir=\"ltr\"><span style=\"color: #000000;\">La misma est\u00e1 integrada por ex concejales y referentes de Olavarr\u00eda y las localidades, para ampliar la convocatoria y en apoyo a <strong>Eduardo Rodr\u00edguez<\/strong> como candidato a Intendente.<\/span><\/p>\n<p dir=\"ltr\"><span style=\"color: #000000;\">Tras el Plenario del Foro Olavarr\u00eda-Frente Renovador en el Frente de Todos, donde Eduardo Rodr\u00edguez expres\u00f3 su vocaci\u00f3n de ser Intendente de Olavarr\u00eda, se conform\u00f3 la Junta Promotora &#8220;Eduardo Intendente&#8221; con el objetivo de ampliar la convocatoria, participaci\u00f3n y apoyo al referente del massismo en Olavarr\u00eda.\u00a0<\/span><\/p>\n<p dir=\"ltr\"><span style=\"color: #000000;\">La misma est\u00e1 coordinada por los Concejales <strong>In\u00e9s Creimer<\/strong> y <strong>Gast\u00f3n Sarachu<\/strong> e integrada por los ex concejales <strong>Ra\u00fal Kuhn<\/strong> (Hinojo), <strong>Eva Cura<\/strong>, <strong>Ricardo Nasello<\/strong> (sector rural), y <strong>Carlos Masson<\/strong> (Colonia San Miguel), la docente <strong>Elizabeth Liz Herrera<\/strong>,\u00a0 los referentes en las localidades <strong>N\u00e9stor Crevat\u00edn<\/strong> (Sierra Chica), <strong>Cristian Barraza<\/strong> (Sierras Bayas) y <strong>Gladys Ram\u00f3n<\/strong> (Loma Negra), <strong>Agust\u00edn Alfonzo<\/strong> (J\u00f3venes FR) y <strong>Marcelo Cunioli<\/strong> (Camino a la Victoria).<\/span><\/p>\n<p dir=\"ltr\"><span style=\"color: #000000;\">Seg\u00fan se dio a conocer, la Junta Promotora &#8220;Eduardo Intendente&#8221; ir\u00e1 sumando profesionales, t\u00e9cnicos, referentes y vecinos y vecinas con propuestas e ideas.\u00a0\u00a0<\/span><\/p>\n<p dir=\"ltr\"><span style=\"color: #000000;\">Eduardo Rodr\u00edguez expres\u00f3 que <em>&#8220;nuestra propuesta es volver a la senda del progreso y el trabajo&#8221;<\/em>. <em>\u201cQueremos revitalizar la Salud P\u00fablica y la atenci\u00f3n en nuestro querido Hospital Municipal y en las localidades, ordenar y administrar el Municipio para recuperar la capacidad de inversi\u00f3n p\u00fablica para hacer las obras que piden nuestros vecinos y proyectos a futuro, avanzar con la ampliaci\u00f3n de la planta urbana aprobada con la incorporaci\u00f3n de lotes para la construcci\u00f3n de viviendas y darle centralidad a las pol\u00edticas de Cultura, Deporte, turismo y desarrollo humano\u201d<\/em> dijo Eduardo Rodr\u00edguez.<\/span><\/p>\n<p dir=\"ltr\"><span style=\"color: #000000;\"><em>\u201cNecesitamos un Municipio que permita fortalecer el desarrollo econ\u00f3mico diversificado, acompa\u00f1ando a nuestros trabajadores, productores, emprendedores y empresarios\u201d<\/em>, agreg\u00f3.<\/span><\/p>\n<p dir=\"ltr\"><span style=\"color: #000000;\">A trav\u00e9s del siguiente video podr\u00e1n ver un resumen de lo que fue el Plenario Abierto del Frente Renovador el pasado mi\u00e9rcoles 22 de marzo.<\/span><\/p>\n<p dir=\"ltr\"><iframe title=\"YouTube video player\" src=\"https:\/\/www.youtube.com\/embed\/w_oFmAVO_Z8\" width=\"560\" height=\"315\" frameborder=\"0\" allowfullscreen=\"allowfullscreen\"><\/iframe><\/p>\n<p dir=\"ltr\"><span style=\"color: #000000;\">La convocatoria para colaborar en la campa\u00f1a \u201cEduardo Intendente\u201d est\u00e1 abierta y aquellas personas interesadas pueden acercarse a la Casa Eduardo \u201cChino\u201d Correa en Belgrano 3222 de lunes a viernes de 9 a 13 horas. Tambi\u00e9n se encuentran disponibles los siguientes canales de comunicaci\u00f3n:<\/span><\/p>\n<ul>\n<li dir=\"ltr\"><span style=\"color: #000000;\">Web:<span style=\"color: #003366;\"> <a style=\"color: #003366;\" href=\"http:\/\/www.foroolavarria.org\/\" target=\"_blank\" rel=\"noopener\" data-saferedirecturl=\"https:\/\/www.google.com\/url?q=http:\/\/www.foroolavarria.org\/&amp;source=gmail&amp;ust=1680609716488000&amp;usg=AOvVaw27GhZsu9BVhGlo6gmzJuSi\">www.foroolavarria.org\/<\/a><\/span><\/span><\/li>\n<li dir=\"ltr\"><span style=\"color: #000000;\">Mail:<span style=\"color: #003366;\"> <a style=\"color: #003366;\" href=\"mailto:foroolavarria@gmail.com\" target=\"_blank\" rel=\"noopener\">foroolavarria@gmail.com<\/a><\/span><\/span><\/li>\n<li dir=\"ltr\"><span style=\"color: #000000;\">Tel\u00e9fono\/whatsapp: 2284 554873<\/span><\/li>\n<\/ul>\n","protected":false},"excerpt":{"rendered":"<p>La misma est\u00e1 integrada por ex concejales y referentes de Olavarr\u00eda y las localidades, para ampliar la convocatoria y en apoyo a Eduardo Rodr\u00edguez como candidato a Intendente. Tras el Plenario del Foro Olavarr\u00eda-Frente Renovador en el Frente de Todos, donde Eduardo Rodr\u00edguez expres\u00f3 su vocaci\u00f3n de ser Intendente de Olavarr\u00eda, se conform\u00f3 la Junta [&hellip;]<\/p>\n","protected":false},"author":2,"featured_media":57274,"comment_status":"open","ping_status":"open","sticky":false,"template":"","format":"standard","meta":{"footnotes":""},"categories":[2],"tags":[],"class_list":["post-57273","post","type-post","status-publish","format-standard","has-post-thumbnail","hentry","category-noticias-y-actividades"],"_links":{"self":[{"href":"https:\/\/037.com.ar\/foronuevo\/wp-json\/wp\/v2\/posts\/57273","targetHints":{"allow":["GET"]}}],"collection":[{"href":"https:\/\/037.com.ar\/foronuevo\/wp-json\/wp\/v2\/posts"}],"about":[{"href":"https:\/\/037.com.ar\/foronuevo\/wp-json\/wp\/v2\/types\/post"}],"author":[{"embeddable":true,"href":"https:\/\/037.com.ar\/foronuevo\/wp-json\/wp\/v2\/users\/2"}],"replies":[{"embeddable":true,"href":"https:\/\/037.com.ar\/foronuevo\/wp-json\/wp\/v2\/comments?post=57273"}],"version-history":[{"count":0,"href":"https:\/\/037.com.ar\/foronuevo\/wp-json\/wp\/v2\/posts\/57273\/revisions"}],"wp:featuredmedia":[{"embeddable":true,"href":"https:\/\/037.com.ar\/foronuevo\/wp-json\/wp\/v2\/media\/57274"}],"wp:attachment":[{"href":"https:\/\/037.com.ar\/foronuevo\/wp-json\/wp\/v2\/media?parent=57273"}],"wp:term":[{"taxonomy":"category","embeddable":true,"href":"https:\/\/037.com.ar\/foronuevo\/wp-json\/wp\/v2\/categories?post=57273"},{"taxonomy":"post_tag","embeddable":true,"href":"https:\/\/037.com.ar\/foronuevo\/wp-json\/wp\/v2\/tags?post=57273"}],"curies":[{"name":"wp","href":"https:\/\/api.w.org\/{rel}","templated":true}]}}