{"id":57290,"date":"2023-06-19T21:55:52","date_gmt":"2023-06-19T21:55:52","guid":{"rendered":"https:\/\/foroolavarria.org\/?p=57290"},"modified":"2023-06-19T21:55:52","modified_gmt":"2023-06-19T21:55:52","slug":"la-candidatura-a-intendente-de-eduardo-rodriguez-suma-adhesiones-y-apoyos","status":"publish","type":"post","link":"https:\/\/037.com.ar\/foronuevo\/la-candidatura-a-intendente-de-eduardo-rodriguez-suma-adhesiones-y-apoyos\/","title":{"rendered":"La candidatura a Intendente de Eduardo Rodr\u00edguez suma adhesiones y apoyos"},"content":{"rendered":"<p><span style=\"color: #000000;\"><i>Cuando falta menos de una semana para el cierre de Listas electorales para las PASO, la postulaci\u00f3n de Eduardo Rodr\u00edguez como precandidato a Intendente de Olavarr\u00eda sigue sumando adhesiones y apoyos, con vistas a la presentaci\u00f3n de la lista en la interna de Uni\u00f3n por la Patria en nuestra ciudad.<\/i><\/span><\/p>\n<p><span style=\"color: #000000;\">Desde la Junta Promotora Eduardo Intendente se invit\u00f3 a las personas y agrupaciones que deseen sumar su adhesi\u00f3n, podr\u00e1n hacerlo durante la semana hasta el s\u00e1bado 24 de junio a las 12 hs, en la Casa Eduardo Chino Correa, Belgrano 3222.<\/span><\/p>\n<p><span style=\"color: #000000;\">El Concejal Gast\u00f3n Sarachu confirm\u00f3 que <em>\u201cya han sido entregados los avales correspondientes de la Lista que encabezar\u00e1 Eduardo y que hasta el s\u00e1bado al mediod\u00eda a\u00fan seguiremos recibiendo en la Junta Promotora las adhesiones y apoyos de cara a la elecci\u00f3n interna de Uni\u00f3n por la Patria\u201d<\/em>.<\/span><\/p>\n<div><span style=\"color: #000000;\">Sarachu se\u00f1al\u00f3 que <em>&#8220;venimos trabajando desde el Foro Olavarr\u00eda &#8211; Frente Renovador y se han sumado otros espacios pol\u00edticos, ex concejales y funcionarios y referentes de las localidades&#8221;<\/em>. Al mismo tiempo, el Concejal destac\u00f3 la precandidatura a la Intendencia de Eduardo Rodr\u00edguez como una alternativa que <em>\u201ctiene la capacidad de convocar diversos sectores, con distintas identidades e ideas, y construir consensos que beneficien al Partido de Olavarr\u00eda\u201d<\/em>.<\/span><\/div>\n<p><span style=\"color: #000000;\"><em>\u201cNecesitamos un candidato como Eduardo &#8211; resalt\u00f3 Sarachu- que no s\u00f3lo convoque a los convencidos sino a todos los vecinos y vecinas que desean una nueva gesti\u00f3n Municipal en Olavarr\u00eda\u201d<\/em> y agreg\u00f3 \u00a0que <em>\u201cla candidatura de Eduardo Rodr\u00edguez representa una propuesta superadora porque puede ser acompa\u00f1ada por vecinas y vecinos de otras identidades pol\u00edticas con la posibilidad cierta de un nuevo liderazgo, basado en la experiencia en la gesti\u00f3n municipal, la honestidad y la vocaci\u00f3n por el trabajo, tan necesario para Olavarr\u00eda y sus localidades\u201d<\/em>.<\/span><\/p>\n","protected":false},"excerpt":{"rendered":"<p>Cuando falta menos de una semana para el cierre de Listas electorales para las PASO, la postulaci\u00f3n de Eduardo Rodr\u00edguez como precandidato a Intendente de Olavarr\u00eda sigue sumando adhesiones y apoyos, con vistas a la presentaci\u00f3n de la lista en la interna de Uni\u00f3n por la Patria en nuestra ciudad. Desde la Junta Promotora Eduardo [&hellip;]<\/p>\n","protected":false},"author":2,"featured_media":57291,"comment_status":"open","ping_status":"open","sticky":false,"template":"","format":"standard","meta":{"footnotes":""},"categories":[2],"tags":[],"class_list":["post-57290","post","type-post","status-publish","format-standard","has-post-thumbnail","hentry","category-noticias-y-actividades"],"_links":{"self":[{"href":"https:\/\/037.com.ar\/foronuevo\/wp-json\/wp\/v2\/posts\/57290","targetHints":{"allow":["GET"]}}],"collection":[{"href":"https:\/\/037.com.ar\/foronuevo\/wp-json\/wp\/v2\/posts"}],"about":[{"href":"https:\/\/037.com.ar\/foronuevo\/wp-json\/wp\/v2\/types\/post"}],"author":[{"embeddable":true,"href":"https:\/\/037.com.ar\/foronuevo\/wp-json\/wp\/v2\/users\/2"}],"replies":[{"embeddable":true,"href":"https:\/\/037.com.ar\/foronuevo\/wp-json\/wp\/v2\/comments?post=57290"}],"version-history":[{"count":0,"href":"https:\/\/037.com.ar\/foronuevo\/wp-json\/wp\/v2\/posts\/57290\/revisions"}],"wp:featuredmedia":[{"embeddable":true,"href":"https:\/\/037.com.ar\/foronuevo\/wp-json\/wp\/v2\/media\/57291"}],"wp:attachment":[{"href":"https:\/\/037.com.ar\/foronuevo\/wp-json\/wp\/v2\/media?parent=57290"}],"wp:term":[{"taxonomy":"category","embeddable":true,"href":"https:\/\/037.com.ar\/foronuevo\/wp-json\/wp\/v2\/categories?post=57290"},{"taxonomy":"post_tag","embeddable":true,"href":"https:\/\/037.com.ar\/foronuevo\/wp-json\/wp\/v2\/tags?post=57290"}],"curies":[{"name":"wp","href":"https:\/\/api.w.org\/{rel}","templated":true}]}}