{"id":57307,"date":"2023-07-17T15:39:45","date_gmt":"2023-07-17T15:39:45","guid":{"rendered":"https:\/\/foroolavarria.org\/?p=57307"},"modified":"2023-07-17T15:39:45","modified_gmt":"2023-07-17T15:39:45","slug":"eduardo-rodriguez-estreno-su-jingle-de-campana","status":"publish","type":"post","link":"https:\/\/037.com.ar\/foronuevo\/eduardo-rodriguez-estreno-su-jingle-de-campana\/","title":{"rendered":"Eduardo Rodr\u00edguez estren\u00f3 su jingle de campa\u00f1a"},"content":{"rendered":"<p dir=\"ltr\"><span style=\"color: #000000;\">Se trata de una reversi\u00f3n de la popular canci\u00f3n de Gilda \u201cNo me arrepiento de este amor\u201d. Adem\u00e1s de la m\u00fasica, el jingle, producido por artistas olavarrienses, cuenta con un video disponible en YouTube.\u00a0<\/span><\/p>\n<p dir=\"ltr\"><span style=\"color: #000000;\">En la tarde de este s\u00e1bado, el precandidato a Intendente por Uni\u00f3n por la Patria, Eduardo Rodr\u00edguez, estren\u00f3 su jingle de campa\u00f1a a trav\u00e9s de sus redes sociales y el canal de YouTube del Foro Olavarr\u00eda. Adem\u00e1s de la m\u00fasica, que fue producida por artistas olavarrienses, cuenta con un videoclip disponible en el siguiente enlace:<\/span> <a href=\"https:\/\/www.youtube.com\/watch?v=4SHYTHheWNk\" target=\"_blank\" rel=\"noopener\" data-saferedirecturl=\"https:\/\/www.google.com\/url?q=https:\/\/www.youtube.com\/watch?v%3D4SHYTHheWNk&amp;source=gmail&amp;ust=1689694554099000&amp;usg=AOvVaw3UQurB7A7y99dUIGsWfhbI\">https:\/\/www.youtube.com\/watch?<wbr \/>v=4SHYTHheWNk<\/a><\/p>\n<p dir=\"ltr\"><iframe title=\"YouTube video player\" src=\"https:\/\/www.youtube.com\/embed\/4SHYTHheWNk\" width=\"560\" height=\"315\" frameborder=\"0\" allowfullscreen=\"allowfullscreen\"><\/iframe><\/p>\n<p dir=\"ltr\"><span style=\"color: #000000;\">El jingle consiste en una reversi\u00f3n de la popular canci\u00f3n \u201cNo me arrepiento de este amor\u201d de Gilda. Para su producci\u00f3n, el equipo estuvo conformado por Noelia Ayul, vocalista de Sierras Bayas, Kevin Alonso en producci\u00f3n musical y Makan Records para lo que fue el proceso de mezcla y mastering.<\/span><\/p>\n<p dir=\"ltr\"><span style=\"color: #000000;\">Para acompa\u00f1ar el jingle se suma un videoclip en el que se muestran puntos identitarios de Olavarr\u00eda y las localidades, adem\u00e1s de im\u00e1genes de Eduardo Rodr\u00edguez, quien encabeza la Lista 4 Celeste y Blanca por Uni\u00f3n por la Patria.\u00a0<\/span><\/p>\n","protected":false},"excerpt":{"rendered":"<p>Se trata de una reversi\u00f3n de la popular canci\u00f3n de Gilda \u201cNo me arrepiento de este amor\u201d. Adem\u00e1s de la m\u00fasica, el jingle, producido por artistas olavarrienses, cuenta con un video disponible en YouTube.\u00a0 En la tarde de este s\u00e1bado, el precandidato a Intendente por Uni\u00f3n por la Patria, Eduardo Rodr\u00edguez, estren\u00f3 su jingle de [&hellip;]<\/p>\n","protected":false},"author":2,"featured_media":57308,"comment_status":"open","ping_status":"open","sticky":false,"template":"","format":"standard","meta":{"footnotes":""},"categories":[2],"tags":[],"class_list":["post-57307","post","type-post","status-publish","format-standard","has-post-thumbnail","hentry","category-noticias-y-actividades"],"_links":{"self":[{"href":"https:\/\/037.com.ar\/foronuevo\/wp-json\/wp\/v2\/posts\/57307","targetHints":{"allow":["GET"]}}],"collection":[{"href":"https:\/\/037.com.ar\/foronuevo\/wp-json\/wp\/v2\/posts"}],"about":[{"href":"https:\/\/037.com.ar\/foronuevo\/wp-json\/wp\/v2\/types\/post"}],"author":[{"embeddable":true,"href":"https:\/\/037.com.ar\/foronuevo\/wp-json\/wp\/v2\/users\/2"}],"replies":[{"embeddable":true,"href":"https:\/\/037.com.ar\/foronuevo\/wp-json\/wp\/v2\/comments?post=57307"}],"version-history":[{"count":0,"href":"https:\/\/037.com.ar\/foronuevo\/wp-json\/wp\/v2\/posts\/57307\/revisions"}],"wp:featuredmedia":[{"embeddable":true,"href":"https:\/\/037.com.ar\/foronuevo\/wp-json\/wp\/v2\/media\/57308"}],"wp:attachment":[{"href":"https:\/\/037.com.ar\/foronuevo\/wp-json\/wp\/v2\/media?parent=57307"}],"wp:term":[{"taxonomy":"category","embeddable":true,"href":"https:\/\/037.com.ar\/foronuevo\/wp-json\/wp\/v2\/categories?post=57307"},{"taxonomy":"post_tag","embeddable":true,"href":"https:\/\/037.com.ar\/foronuevo\/wp-json\/wp\/v2\/tags?post=57307"}],"curies":[{"name":"wp","href":"https:\/\/api.w.org\/{rel}","templated":true}]}}