{"id":57353,"date":"2023-07-31T12:47:04","date_gmt":"2023-07-31T12:47:04","guid":{"rendered":"https:\/\/foroolavarria.org\/?p=57353"},"modified":"2023-07-31T12:47:04","modified_gmt":"2023-07-31T12:47:04","slug":"video-de-sergio-massa-en-apoyo-de-eduardo-rodriguez","status":"publish","type":"post","link":"https:\/\/037.com.ar\/foronuevo\/video-de-sergio-massa-en-apoyo-de-eduardo-rodriguez\/","title":{"rendered":"Video de Sergio Massa en apoyo\u00a0 de Eduardo Rodr\u00edguez"},"content":{"rendered":"<p dir=\"ltr\"><span style=\"color: #000000;\">El Precandidato a Presidente por Uni\u00f3n por la Patria expres\u00f3 su apoyo a Eduardo Rodr\u00eeguez trav\u00e9s de un video disponible en YouTube.<\/span><\/p>\n<p dir=\"ltr\"><span style=\"color: #000000;\">\u201cQuerido Eduardo no pude estar el d\u00eda que arrancaste. Las obligaciones y la velocidad de las cosas me impidieron acompa\u00f1arte. Pero sabes que quiero mucho a Olavarr\u00eda y respeto mucho tu amor por Olavarr\u00eda\u201d, dijo Sergio Massa, Ministro de Econom\u00eda y Precandidato a Presidente por Uni\u00f3n por la Patria, en un video en el que expresa su apoyo a la precandidatura a Intendente de Eduardo Rodr\u00edguez. El mismo se encuentra disponible en YouTube a trav\u00e9s del siguiente enlace:<\/span> <a href=\"https:\/\/www.youtube.com\/watch?v=wJqyBjQ4GyA\" target=\"_blank\" rel=\"noopener\" data-saferedirecturl=\"https:\/\/www.google.com\/url?q=https:\/\/www.youtube.com\/watch?v%3DwJqyBjQ4GyA&amp;source=gmail&amp;ust=1690893686633000&amp;usg=AOvVaw2ABkg6jjC9Qo4sB6X5X5RN\">https:\/\/www.youtube.com\/watch?<wbr \/>v=wJqyBjQ4GyA<\/a><\/p>\n<p dir=\"ltr\"><iframe title=\"YouTube video player\" src=\"https:\/\/www.youtube.com\/embed\/wJqyBjQ4GyA\" width=\"560\" height=\"315\" frameborder=\"0\" allowfullscreen=\"allowfullscreen\"><\/iframe><\/p>\n<p dir=\"ltr\"><span style=\"color: #000000;\">\u201cValoro enormemente el trabajo que hiciste desde la cultura, pero sobre todas las cosas, el esfuerzo que pones en defender las empresas del Parque Industrial, ac\u00e1 en el Ministerio de Econom\u00eda, la idea del desarrollo econ\u00f3mico de Sierras y el profundo cari\u00f1o que ten\u00e9s por tu ciudad\u201d continu\u00f3 su mensaje Sergio Massa, a lo que agreg\u00f3 que esto \u201cte lleva a estar mirando, todo el tiempo, c\u00f3mo aportas ideas para mejorar la seguridad, para defender la educaci\u00f3n p\u00fablica y el trabajo de tus vecinos de Olavarr\u00eda\u201d.<\/span><\/p>\n<p dir=\"ltr\"><span style=\"color: #000000;\">Por \u00faltimo, Sergio Massa le transmite a Rodr\u00edguez \u201csab\u00e9s que cont\u00e1s conmigo y s\u00e9 que cuento con vos\u201d. \u201cEs muy importante que sigamos trabajando juntos para que Olavarr\u00eda, coraz\u00f3n de la provincia de Buenos Aires, sea esa ciudad que alguna vez nos llen\u00f3 de orgullo cuando Don Helios Eseverri los gobernaba\u201d.<\/span><\/p>\n","protected":false},"excerpt":{"rendered":"<p>El Precandidato a Presidente por Uni\u00f3n por la Patria expres\u00f3 su apoyo a Eduardo Rodr\u00eeguez trav\u00e9s de un video disponible en YouTube. \u201cQuerido Eduardo no pude estar el d\u00eda que arrancaste. Las obligaciones y la velocidad de las cosas me impidieron acompa\u00f1arte. Pero sabes que quiero mucho a Olavarr\u00eda y respeto mucho tu amor por [&hellip;]<\/p>\n","protected":false},"author":2,"featured_media":57354,"comment_status":"open","ping_status":"open","sticky":false,"template":"","format":"standard","meta":{"footnotes":""},"categories":[2],"tags":[],"class_list":["post-57353","post","type-post","status-publish","format-standard","has-post-thumbnail","hentry","category-noticias-y-actividades"],"_links":{"self":[{"href":"https:\/\/037.com.ar\/foronuevo\/wp-json\/wp\/v2\/posts\/57353","targetHints":{"allow":["GET"]}}],"collection":[{"href":"https:\/\/037.com.ar\/foronuevo\/wp-json\/wp\/v2\/posts"}],"about":[{"href":"https:\/\/037.com.ar\/foronuevo\/wp-json\/wp\/v2\/types\/post"}],"author":[{"embeddable":true,"href":"https:\/\/037.com.ar\/foronuevo\/wp-json\/wp\/v2\/users\/2"}],"replies":[{"embeddable":true,"href":"https:\/\/037.com.ar\/foronuevo\/wp-json\/wp\/v2\/comments?post=57353"}],"version-history":[{"count":0,"href":"https:\/\/037.com.ar\/foronuevo\/wp-json\/wp\/v2\/posts\/57353\/revisions"}],"wp:featuredmedia":[{"embeddable":true,"href":"https:\/\/037.com.ar\/foronuevo\/wp-json\/wp\/v2\/media\/57354"}],"wp:attachment":[{"href":"https:\/\/037.com.ar\/foronuevo\/wp-json\/wp\/v2\/media?parent=57353"}],"wp:term":[{"taxonomy":"category","embeddable":true,"href":"https:\/\/037.com.ar\/foronuevo\/wp-json\/wp\/v2\/categories?post=57353"},{"taxonomy":"post_tag","embeddable":true,"href":"https:\/\/037.com.ar\/foronuevo\/wp-json\/wp\/v2\/tags?post=57353"}],"curies":[{"name":"wp","href":"https:\/\/api.w.org\/{rel}","templated":true}]}}