{"id":57360,"date":"2023-07-31T12:55:59","date_gmt":"2023-07-31T12:55:59","guid":{"rendered":"https:\/\/foroolavarria.org\/?p=57360"},"modified":"2023-07-31T12:55:59","modified_gmt":"2023-07-31T12:55:59","slug":"eduardo-rodriguez-presento-su-lista-en-hinojo-las-localidades-tendran-obras-y-mas-recursos","status":"publish","type":"post","link":"https:\/\/037.com.ar\/foronuevo\/eduardo-rodriguez-presento-su-lista-en-hinojo-las-localidades-tendran-obras-y-mas-recursos\/","title":{"rendered":"Eduardo Rodr\u00edguez present\u00f3 su lista en Hinojo: &#8220;Las localidades tendr\u00e1n obras y m\u00e1s recursos&#8221;"},"content":{"rendered":"<p dir=\"ltr\"><span style=\"color: #000000;\">As\u00ed lo afirm\u00f3 el precandidato a Intendente junto al Dr. Ra\u00fal Kuhn, quien encabeza la Lista 4 de concejales por Uni\u00f3n por la Patria.<\/span><\/p>\n<p dir=\"ltr\"><span style=\"color: #000000;\">Este viernes por la tarde, el candidato a Intendente Eduardo Rodr\u00edguez present\u00f3 su Lista 4 Celeste y Blanca por Uni\u00f3n por la Patria en el Centro de Jubilados de Hinojo, acompa\u00f1ado por los candidatos a Concejales Ra\u00fal Kuhn, Eva Cura y Carlos Bettiga, y la\u00a0candidata a Consejera Escolar,\u00a0Elizabeth \u201cLiz\u201d Herrera.\u00a0<\/span><\/p>\n<p dir=\"ltr\"><span style=\"color: #000000;\">Rodr\u00edguez y Ra\u00fal Kuhn se comprometieron ante los vecinos a \u201ctener un Municipio que priorice a las localidades y, en Hinojo, hablaron sobre las propuestas concretas vinculadas a la construcci\u00f3n de viviendas, la pavimentaci\u00f3n, el agua corriente en el barrio FONAVI y de dotar de mayores recursos a la Delegaci\u00f3n Municipal\u201d.\u00a0<\/span><\/p>\n<p dir=\"ltr\"><span style=\"color: #000000;\">Kuhn se refiri\u00f3 a Eduardo como \u201cun candidato con experiencia en gesti\u00f3n y vocaci\u00f3n que piensa en las localidades\u201d.\u00a0<\/span><\/p>\n<p dir=\"ltr\"><span style=\"color: #000000;\">Asimismo, Ra\u00fal Kuhn se\u00f1al\u00f3 el \u201calejamiento del Intendente actual con las localidades, sumado a la falta de recursos destinados a las delegaciones\u201d.\u00a0\u00a0\u00a0\u00a0<\/span><\/p>\n<p dir=\"ltr\"><span style=\"color: #000000;\">Por su parte, Eduardo Rodr\u00edguez se\u00f1al\u00f3 que \u201c\u00e9sta lista est\u00e1 integrada por referentes de las localidades y eso es un reconocimiento al lugar que va a ocupar en la gesti\u00f3n los trabajos en los distintos pueblos\u201d.\u00a0\u00a0<\/span><\/p>\n<p dir=\"ltr\"><span style=\"color: #000000;\">\u201cEl Partido de Olavarr\u00eda tiene una gran pujanza econ\u00f3mica por su actividad diversificada como la miner\u00eda, el campo, la industria, el comercio, la log\u00edstica, la econom\u00eda social de los emprendedores. En ese esquema, el Municipio tiene que ser motor del progreso y desarrollo\u201d, indic\u00f3 Rodr\u00edguez.<\/span><\/p>\n<p dir=\"ltr\"><span style=\"color: #000000;\">\u201cNos comprometemos con una administraci\u00f3n austera y ordenada, que destine los recursos del \u2018Impuesto a la Piedra\u2019 de forma eficiente hacia todo el Partido de Olavarr\u00eda\u201d, dijo Rodr\u00edguez.\u00a0<\/span><\/p>\n<p dir=\"ltr\"><span style=\"color: #000000;\">Durante el encuentro, tambi\u00e9n participaron el concejal Gast\u00f3n Sarachu y los precandidatos N\u00e9stor Crevat\u00edn (Sierra Chica), Gladys Ram\u00f3n (Loma Negra).<\/span><\/p>\n","protected":false},"excerpt":{"rendered":"<p>As\u00ed lo afirm\u00f3 el precandidato a Intendente junto al Dr. Ra\u00fal Kuhn, quien encabeza la Lista 4 de concejales por Uni\u00f3n por la Patria. Este viernes por la tarde, el candidato a Intendente Eduardo Rodr\u00edguez present\u00f3 su Lista 4 Celeste y Blanca por Uni\u00f3n por la Patria en el Centro de Jubilados de Hinojo, acompa\u00f1ado [&hellip;]<\/p>\n","protected":false},"author":2,"featured_media":57361,"comment_status":"open","ping_status":"open","sticky":false,"template":"","format":"standard","meta":{"footnotes":""},"categories":[2],"tags":[],"class_list":["post-57360","post","type-post","status-publish","format-standard","has-post-thumbnail","hentry","category-noticias-y-actividades"],"_links":{"self":[{"href":"https:\/\/037.com.ar\/foronuevo\/wp-json\/wp\/v2\/posts\/57360","targetHints":{"allow":["GET"]}}],"collection":[{"href":"https:\/\/037.com.ar\/foronuevo\/wp-json\/wp\/v2\/posts"}],"about":[{"href":"https:\/\/037.com.ar\/foronuevo\/wp-json\/wp\/v2\/types\/post"}],"author":[{"embeddable":true,"href":"https:\/\/037.com.ar\/foronuevo\/wp-json\/wp\/v2\/users\/2"}],"replies":[{"embeddable":true,"href":"https:\/\/037.com.ar\/foronuevo\/wp-json\/wp\/v2\/comments?post=57360"}],"version-history":[{"count":0,"href":"https:\/\/037.com.ar\/foronuevo\/wp-json\/wp\/v2\/posts\/57360\/revisions"}],"wp:featuredmedia":[{"embeddable":true,"href":"https:\/\/037.com.ar\/foronuevo\/wp-json\/wp\/v2\/media\/57361"}],"wp:attachment":[{"href":"https:\/\/037.com.ar\/foronuevo\/wp-json\/wp\/v2\/media?parent=57360"}],"wp:term":[{"taxonomy":"category","embeddable":true,"href":"https:\/\/037.com.ar\/foronuevo\/wp-json\/wp\/v2\/categories?post=57360"},{"taxonomy":"post_tag","embeddable":true,"href":"https:\/\/037.com.ar\/foronuevo\/wp-json\/wp\/v2\/tags?post=57360"}],"curies":[{"name":"wp","href":"https:\/\/api.w.org\/{rel}","templated":true}]}}