{"id":57365,"date":"2023-07-31T12:59:12","date_gmt":"2023-07-31T12:59:12","guid":{"rendered":"https:\/\/foroolavarria.org\/?p=57365"},"modified":"2023-07-31T12:59:12","modified_gmt":"2023-07-31T12:59:12","slug":"con-un-video-malena-galmarini-respaldo-la-candidatura-de-eduardo-rodriguez","status":"publish","type":"post","link":"https:\/\/037.com.ar\/foronuevo\/con-un-video-malena-galmarini-respaldo-la-candidatura-de-eduardo-rodriguez\/","title":{"rendered":"Con un video, Malena Galmarini respald\u00f3 la candidatura de Eduardo Rodr\u00edguez"},"content":{"rendered":"<p><span style=\"color: #000000;\">La candidata a la Intendencia de Tigre envi\u00f3 un video en apoyo a Eduardo Rodr\u00edguez, destacando su transparencia y compromiso con Olavarr\u00eda.<\/span><\/p>\n<p><span style=\"color: #000000;\">Malena Galmarini, candidata a Intendenta de Tigre, envi\u00f3 un video de apoyo a Eduardo Rodr\u00edguez, postulado como Jefe Comunal de Olavarr\u00eda por la Lista 4 Celeste y Blanca Uni\u00f3n por la Patria. El video est\u00e1 disponible en YouTube a trav\u00e9s del siguiente enlace:<\/span>\u00a0<a href=\"https:\/\/www.youtube.com\/watch?v=NgbiXOB-m_0\" data-saferedirecturl=\"https:\/\/www.google.com\/url?q=https:\/\/www.youtube.com\/watch?v%3DNgbiXOB-m_0&amp;source=gmail&amp;ust=1690893541714000&amp;usg=AOvVaw0VimAYBLdyJ_QdZ1CpLQIF\">https:\/\/www.youtube.com\/watch?v=NgbiXOB-m_0<\/a>.<\/p>\n<p><iframe title=\"YouTube video player\" src=\"https:\/\/www.youtube.com\/embed\/NgbiXOB-m_0\" width=\"560\" height=\"315\" frameborder=\"0\" allowfullscreen=\"allowfullscreen\"><\/iframe><\/p>\n<p style=\"font-weight: 400;\"><span style=\"color: #000000;\">\u201cQueridos amigos y amigas de Olavarr\u00eda, Male Galmarini desde Tigre les manda un gran abrazo y me atrevo a pedirles que en las siguientes PASO acompa\u00f1en a un gran amigo, un gran compa\u00f1ero\u201d, inicia su mensaje de apoyo Malena Galmarini.<\/span><\/p>\n<p style=\"font-weight: 400;\"><span style=\"color: #000000;\">\u201cUna persona de una transparencia, una lealtad y un amor por Olavarr\u00eda como lo es Eduardo Rodr\u00edguez\u201d, contin\u00faa. \u201cEstoy segura que a partir del 10 de diciembre, si le dan la oportunidad de gobernar el Municipio lo va a convertir en uno de los mejores Municipios de la Provincia de Buenos Aires\u201d, finaliza Galmarini.<\/span><\/p>\n","protected":false},"excerpt":{"rendered":"<p>La candidata a la Intendencia de Tigre envi\u00f3 un video en apoyo a Eduardo Rodr\u00edguez, destacando su transparencia y compromiso con Olavarr\u00eda. Malena Galmarini, candidata a Intendenta de Tigre, envi\u00f3 un video de apoyo a Eduardo Rodr\u00edguez, postulado como Jefe Comunal de Olavarr\u00eda por la Lista 4 Celeste y Blanca Uni\u00f3n por la Patria. El [&hellip;]<\/p>\n","protected":false},"author":2,"featured_media":57366,"comment_status":"open","ping_status":"open","sticky":false,"template":"","format":"standard","meta":{"footnotes":""},"categories":[2],"tags":[],"class_list":["post-57365","post","type-post","status-publish","format-standard","has-post-thumbnail","hentry","category-noticias-y-actividades"],"_links":{"self":[{"href":"https:\/\/037.com.ar\/foronuevo\/wp-json\/wp\/v2\/posts\/57365","targetHints":{"allow":["GET"]}}],"collection":[{"href":"https:\/\/037.com.ar\/foronuevo\/wp-json\/wp\/v2\/posts"}],"about":[{"href":"https:\/\/037.com.ar\/foronuevo\/wp-json\/wp\/v2\/types\/post"}],"author":[{"embeddable":true,"href":"https:\/\/037.com.ar\/foronuevo\/wp-json\/wp\/v2\/users\/2"}],"replies":[{"embeddable":true,"href":"https:\/\/037.com.ar\/foronuevo\/wp-json\/wp\/v2\/comments?post=57365"}],"version-history":[{"count":0,"href":"https:\/\/037.com.ar\/foronuevo\/wp-json\/wp\/v2\/posts\/57365\/revisions"}],"wp:featuredmedia":[{"embeddable":true,"href":"https:\/\/037.com.ar\/foronuevo\/wp-json\/wp\/v2\/media\/57366"}],"wp:attachment":[{"href":"https:\/\/037.com.ar\/foronuevo\/wp-json\/wp\/v2\/media?parent=57365"}],"wp:term":[{"taxonomy":"category","embeddable":true,"href":"https:\/\/037.com.ar\/foronuevo\/wp-json\/wp\/v2\/categories?post=57365"},{"taxonomy":"post_tag","embeddable":true,"href":"https:\/\/037.com.ar\/foronuevo\/wp-json\/wp\/v2\/tags?post=57365"}],"curies":[{"name":"wp","href":"https:\/\/api.w.org\/{rel}","templated":true}]}}