{"id":57376,"date":"2023-08-03T13:08:06","date_gmt":"2023-08-03T13:08:06","guid":{"rendered":"https:\/\/foroolavarria.org\/?p=57376"},"modified":"2023-08-03T13:08:06","modified_gmt":"2023-08-03T13:08:06","slug":"eduardo-rodriguez-con-propuestas-concretas-de-obras-y-viviendas","status":"publish","type":"post","link":"https:\/\/037.com.ar\/foronuevo\/eduardo-rodriguez-con-propuestas-concretas-de-obras-y-viviendas\/","title":{"rendered":"Eduardo Rodr\u00edguez con propuestas concretas de obras y viviendas"},"content":{"rendered":"<p><span style=\"color: #000000;\">El candidato a Intendente por la Lista 4 Celeste y Blanca en Uni\u00f3n por la Patria junto al candidato a concejal y ex funcionario municipal en el \u00e1rea de Obras P\u00fablicas, Carlos Bettiga, explicaron las principales propuestas para la ciudad y las localidades.\u00a0\u00a0<\/span><\/p>\n<p dir=\"ltr\"><span style=\"color: #000000;\">El candidato Eduardo Rodr\u00edguez present\u00f3 propuestas concretas de obras p\u00fablicas y viviendas junto al candidato a concejal y ex funcionario municipal en el \u00e1rea de Obras P\u00fablicas, Carlos Bettiga. Las mismas abarcan:<\/span><\/p>\n<ul>\n<li dir=\"ltr\">\n<p dir=\"ltr\" role=\"presentation\"><span style=\"color: #000000;\">Implementaci\u00f3n de un Plan Municipal de Pavimentaci\u00f3n en ciudad y localidades.<\/span><\/p>\n<\/li>\n<li dir=\"ltr\">\n<p dir=\"ltr\" role=\"presentation\"><span style=\"color: #000000;\">Ampliaci\u00f3n de la Red cloacal, de gas y agua potable.<\/span><\/p>\n<\/li>\n<li dir=\"ltr\">\n<p dir=\"ltr\" role=\"presentation\"><span style=\"color: #000000;\">Pavimentaci\u00f3n de la continuidad de la avenida Pellegrini hasta el Aut\u00f3dromo Hermanos Emiliozzi y conexi\u00f3n con acceso a Sierra Chica.<\/span><\/p>\n<\/li>\n<li dir=\"ltr\">\n<p dir=\"ltr\" role=\"presentation\"><span style=\"color: #000000;\">Entubamiento del canal de la avenida La Rioja entre Del Valle y Sarmiento (con financiamiento Nacional).<\/span><\/p>\n<\/li>\n<li dir=\"ltr\">\n<p dir=\"ltr\" role=\"presentation\"><span style=\"color: #000000;\">\u00a0Completar la pavimentaci\u00f3n hasta el Aeropuerto Municipal.<\/span><\/p>\n<\/li>\n<\/ul>\n<p dir=\"ltr\"><span style=\"color: #000000;\">Obras con Provincia:\u00a0<\/span><\/p>\n<ul>\n<li dir=\"ltr\">\n<p dir=\"ltr\" role=\"presentation\"><span style=\"color: #000000;\">Autov\u00eda Ruta 51 entre Ruta Nacional 226 y el acceso a la Planta Lamali.<\/span><\/p>\n<\/li>\n<li dir=\"ltr\">\n<p dir=\"ltr\" role=\"presentation\"><span style=\"color: #000000;\">Pavimentaci\u00f3n del camino de acceso a Espigas.<\/span><\/p>\n<\/li>\n<li dir=\"ltr\">\n<p dir=\"ltr\" role=\"presentation\"><span style=\"color: #000000;\">Mejora del acceso por Ruta 51 y el Camino Frontera Sur.<\/span><\/p>\n<\/li>\n<\/ul>\n<p dir=\"ltr\"><span style=\"color: #000000;\">Obras con Naci\u00f3n:<\/span><\/p>\n<ul>\n<li dir=\"ltr\">\n<p dir=\"ltr\" role=\"presentation\"><span style=\"color: #000000;\">Nuevo acceso a la ciudad por Ruta 226 y avenida Alberdi.<\/span><\/p>\n<\/li>\n<li dir=\"ltr\">\n<p dir=\"ltr\" role=\"presentation\"><span style=\"color: #000000;\">Mantenimiento y construcci\u00f3n de infraestructura escolar con el Fondo Educativo.<\/span><\/p>\n<\/li>\n<li dir=\"ltr\">\n<p dir=\"ltr\" role=\"presentation\"><span style=\"color: #000000;\">Plan de Viviendas.<\/span><\/p>\n<\/li>\n<li dir=\"ltr\">\n<p dir=\"ltr\" role=\"presentation\"><span style=\"color: #000000;\">Continuidad del Mantenimiento y obras en Caminos Rurales junto a la Sociedad Rural, productores y Facultad de Ingenier\u00eda.<\/span><\/p>\n<\/li>\n<li dir=\"ltr\">\n<p dir=\"ltr\" role=\"presentation\"><span style=\"color: #000000;\">Plan de defensa hidr\u00e1ulico y manejo del agua.<\/span><\/p>\n<\/li>\n<li dir=\"ltr\">\n<p dir=\"ltr\" role=\"presentation\"><span style=\"color: #000000;\">Creaci\u00f3n de un nuevo Parque Costero Norte sobre la margen del Arroyo Tapalqu\u00e9 desde el Parque Helios Eseverri hasta la localidad de Sierra Chica.<\/span><\/p>\n<\/li>\n<li dir=\"ltr\">\n<p dir=\"ltr\" role=\"presentation\"><span style=\"color: #000000;\">Puesta en valor del Balneario Municipal de Colonia San Miguel.<\/span><\/p>\n<\/li>\n<\/ul>\n<ul>\n<li dir=\"ltr\">\n<p dir=\"ltr\" role=\"presentation\"><span style=\"color: #000000;\">Remodelaci\u00f3n de la Terminal de \u00f3mnibus y puesta en valor como patrimonio Comunitario.<\/span><\/p>\n<\/li>\n<li dir=\"ltr\">\n<p dir=\"ltr\" role=\"presentation\"><span style=\"color: #000000;\">Revisi\u00f3n y actualizaci\u00f3n del Servicio de recolecci\u00f3n, tratamiento, reciclado y disposici\u00f3n final de los residuos s\u00f3lidos urbanos, con un Centro Municipal de Reciclado.<\/span><\/p>\n<\/li>\n<li dir=\"ltr\">\n<p dir=\"ltr\" role=\"presentation\"><span style=\"color: #000000;\">Creaci\u00f3n de un balneario municipal en la ciudad con acceso gratuito para pobladores locales. Posibilidad de infraestructura para zona de camping y atractivos tur\u00edsticos.<\/span><\/p>\n<\/li>\n<li dir=\"ltr\">\n<p dir=\"ltr\" role=\"presentation\"><span style=\"color: #000000;\">Reactivaci\u00f3n del Recreo Municipal La Isla.<\/span><\/p>\n<\/li>\n<\/ul>\n<p dir=\"ltr\"><span style=\"color: #000000;\">Vivienda y urbanismo<\/span><\/p>\n<ul>\n<li dir=\"ltr\">\n<p dir=\"ltr\" role=\"presentation\"><span style=\"color: #000000;\">Ampliaci\u00f3n de la Planta Urbana de Olavarr\u00eda.<\/span><\/p>\n<\/li>\n<li dir=\"ltr\">\n<p dir=\"ltr\" role=\"presentation\"><span style=\"color: #000000;\">Incorporaci\u00f3n de lotes al Banco de Tierras a trav\u00e9s del cobro de la Tasa de Renta Diferencial Urbana (Plusval\u00eda).<\/span><\/p>\n<\/li>\n<li dir=\"ltr\">\n<p dir=\"ltr\" role=\"presentation\"><span style=\"color: #000000;\">Entrega de lotes con servicios para vivienda \u00fanica.<\/span><\/p>\n<\/li>\n<li dir=\"ltr\">\n<p dir=\"ltr\" role=\"presentation\"><span style=\"color: #000000;\">Construcci\u00f3n de viviendas a trav\u00e9s de acuerdos urban\u00edsticos entre Municipio, Provincia y gremios.<\/span><\/p>\n<\/li>\n<li dir=\"ltr\">\n<p dir=\"ltr\" role=\"presentation\"><span style=\"color: #000000;\">Programa Terminaci\u00f3n de Viviendas (de ayuda de materiales y asistencia t\u00e9cnica) para reducir los \u00edndices de hacinamiento.<\/span><\/p>\n<\/li>\n<li dir=\"ltr\">\n<p dir=\"ltr\" role=\"presentation\"><span style=\"color: #000000;\">Destinar un cupo en los nuevos barrios para aquellas mujeres que atraviesan situaciones de violencia de g\u00e9nero.<\/span><\/p>\n<\/li>\n<li dir=\"ltr\">\n<p dir=\"ltr\" role=\"presentation\"><span style=\"color: #000000;\">Cupo de viviendas para jubilados y jubiladas que perciban ingresos m\u00ednimos.<\/span><\/p>\n<\/li>\n<\/ul>\n<p><span style=\"color: #000000;\"><strong>\u00a0<\/strong><\/span><\/p>\n<p dir=\"ltr\"><span style=\"color: #000000;\">El candidato a concejal, Carlos Bettiga, indic\u00f3 que \u201ctenemos que ordenar los trabajos de obras p\u00fablicas, para lo cual es fundamental realizar un estudio de las necesidades y prioridades de las obras de la ciudad y las localidades\u201d. En este sentido, agreg\u00f3 que \u201cesta organizaci\u00f3n de los trabajos, de acuerdo al presupuesto anual, nos permitir\u00e1 dar respuesta y previsibilidad a los vecinos\u201d.\u00a0<\/span><\/p>\n<p dir=\"ltr\"><span style=\"color: #000000;\">Seg\u00fan se hab\u00eda adelantado, el objetivo es que \u201cOlavarr\u00eda cuente con un Municipio que sea el motor del desarrollo y el progreso\u201d, afirm\u00f3 Eduardo.<\/span><\/p>\n<p dir=\"ltr\"><span style=\"color: #000000;\">El candidato a Intendente, Eduardo Rodr\u00edguez, viene sosteniendo que \u201cel Municipio de Olavarr\u00eda tiene que retomar la inversi\u00f3n p\u00fablica con recursos propios\u201d. \u201cPara esto, necesitamos ordenar la administraci\u00f3n Municipal para destinar nuestros recursos, como el popularmente conocido Impuesto a la Piedra, a obras que potencien a Olavarr\u00eda y las localidades\u201d, sostuvo.<\/span><\/p>\n<p dir=\"ltr\"><span style=\"color: #000000;\">Para conocer todas las propuestas de la Lista 4 Celeste y Blanca en Uni\u00f3n por la Patria, encabezada por Eduardo Rodr\u00edguez como candidato a Intendente, se puede ingresar al siguiente enlace:\u00a0<\/span><a href=\"https:\/\/foroolavarria.org\/propuestas2023\" target=\"_blank\" rel=\"noopener\" data-saferedirecturl=\"https:\/\/www.google.com\/url?q=https:\/\/foroolavarria.org\/propuestas2023&amp;source=gmail&amp;ust=1691153752581000&amp;usg=AOvVaw2ge7-hZoFrRsG-14JI7UDW\">https:\/\/foroolavarria.org\/<wbr \/>propuestas2023<\/a><\/p>\n<p dir=\"ltr\"><span style=\"color: #000000;\">Para m\u00e1s informaci\u00f3n, acercarse a la Casa Eduardo \u201cChino\u201d Correa, de lunes a viernes de ma\u00f1ana y tarde o comunicarse mediantes las siguientes v\u00edas:<\/span><\/p>\n<p dir=\"ltr\"><span style=\"color: #000000;\">WhatsApp: 2284554873<\/span><\/p>\n<p dir=\"ltr\"><span style=\"color: #000000;\">Mail:<\/span>\u00a0<a href=\"mailto:foroolavarria@gmail.com\" target=\"_blank\" rel=\"noopener\">foroolavarria@gmail.com<\/a><\/p>\n<p><span style=\"color: #000000;\">P\u00e1gina Web:<\/span>\u00a0<a href=\"http:\/\/www.foroolavarria.org\/\" target=\"_blank\" rel=\"noopener\" data-saferedirecturl=\"https:\/\/www.google.com\/url?q=http:\/\/www.foroolavarria.org&amp;source=gmail&amp;ust=1691153752581000&amp;usg=AOvVaw1upxjR0SA2SUxzz---s0q2\">www.foroolavarria.org<\/a><\/p>\n","protected":false},"excerpt":{"rendered":"<p>El candidato a Intendente por la Lista 4 Celeste y Blanca en Uni\u00f3n por la Patria junto al candidato a concejal y ex funcionario municipal en el \u00e1rea de Obras P\u00fablicas, Carlos Bettiga, explicaron las principales propuestas para la ciudad y las localidades.\u00a0\u00a0 El candidato Eduardo Rodr\u00edguez present\u00f3 propuestas concretas de obras p\u00fablicas y viviendas [&hellip;]<\/p>\n","protected":false},"author":2,"featured_media":57377,"comment_status":"open","ping_status":"open","sticky":false,"template":"","format":"standard","meta":{"footnotes":""},"categories":[2],"tags":[],"class_list":["post-57376","post","type-post","status-publish","format-standard","has-post-thumbnail","hentry","category-noticias-y-actividades"],"_links":{"self":[{"href":"https:\/\/037.com.ar\/foronuevo\/wp-json\/wp\/v2\/posts\/57376","targetHints":{"allow":["GET"]}}],"collection":[{"href":"https:\/\/037.com.ar\/foronuevo\/wp-json\/wp\/v2\/posts"}],"about":[{"href":"https:\/\/037.com.ar\/foronuevo\/wp-json\/wp\/v2\/types\/post"}],"author":[{"embeddable":true,"href":"https:\/\/037.com.ar\/foronuevo\/wp-json\/wp\/v2\/users\/2"}],"replies":[{"embeddable":true,"href":"https:\/\/037.com.ar\/foronuevo\/wp-json\/wp\/v2\/comments?post=57376"}],"version-history":[{"count":0,"href":"https:\/\/037.com.ar\/foronuevo\/wp-json\/wp\/v2\/posts\/57376\/revisions"}],"wp:featuredmedia":[{"embeddable":true,"href":"https:\/\/037.com.ar\/foronuevo\/wp-json\/wp\/v2\/media\/57377"}],"wp:attachment":[{"href":"https:\/\/037.com.ar\/foronuevo\/wp-json\/wp\/v2\/media?parent=57376"}],"wp:term":[{"taxonomy":"category","embeddable":true,"href":"https:\/\/037.com.ar\/foronuevo\/wp-json\/wp\/v2\/categories?post=57376"},{"taxonomy":"post_tag","embeddable":true,"href":"https:\/\/037.com.ar\/foronuevo\/wp-json\/wp\/v2\/tags?post=57376"}],"curies":[{"name":"wp","href":"https:\/\/api.w.org\/{rel}","templated":true}]}}