{"id":57380,"date":"2023-08-07T12:51:03","date_gmt":"2023-08-07T12:51:03","guid":{"rendered":"https:\/\/foroolavarria.org\/?p=57380"},"modified":"2023-08-07T12:51:03","modified_gmt":"2023-08-07T12:51:03","slug":"eduardo-rodriguez-el-domingo-13-empezamos-a-votar-por-el-cambio-de-intendente","status":"publish","type":"post","link":"https:\/\/037.com.ar\/foronuevo\/eduardo-rodriguez-el-domingo-13-empezamos-a-votar-por-el-cambio-de-intendente\/","title":{"rendered":"Eduardo Rodr\u00edguez: &#8220;El domingo 13 empezamos a votar por el cambio de Intendente&#8221;"},"content":{"rendered":"<p dir=\"ltr\"><span style=\"color: #000000;\">As\u00ed lo expres\u00f3 el Precandidato a Intendente frente a 400 personas que participaron del Encuentro de la Lista 4 realizado el jueves por la noche en la Sociedad de Fomento Mariano Moreno.\u00a0<\/span><\/p>\n<p dir=\"ltr\"><span style=\"color: #000000;\">\u201cHay s\u00edntomas de agotamiento de una gesti\u00f3n Municipal que no ha podido explicar de manera convincente algunos hechos pocos transparentes\u201d expres\u00f3 Eduardo Rodr\u00edguez en el Encuentro de la Lista 4 Celeste y Blanca en Uni\u00f3n por la Patria realizado en Mariano Moreno en la noche del jueves.\u00a0<\/span><\/p>\n<p dir=\"ltr\"><span style=\"color: #000000;\">Dicho encuentro reuni\u00f3 a 400 personas y cont\u00f3 con la presencia de Ricardo Lissalde, precandidato a Diputado Provincial por la S\u00e9ptima Secci\u00f3n Electoral, la Concejala In\u00e9s Creimer, el Concejal Gast\u00f3n Sarachu, Ra\u00fal Kuhn, Eva Cura, Carlos Bettiga y dem\u00e1s candidatos a Concejales que acompa\u00f1an a Eduardo en la lista, junto a los candidatos a Consejeros Escolares El\u00edas P\u00e9rez Merlos, Cristian Barraza, Micaela Alfonzo y los candidatos que completan la lista.\u00a0<\/span><\/p>\n<p dir=\"ltr\"><span style=\"color: #000000;\">En dicha oportunidad, el candidato a Intendente, Eduardo Rodr\u00edguez, se\u00f1al\u00f3 que \u201cno es una elecci\u00f3n m\u00e1s. El domingo 13 de agosto empezamos a votar por el cambio de Intendente y de gesti\u00f3n en Olavarr\u00eda\u201d y agreg\u00f3 que los vecinos ven \u201cs\u00edntomas de agotamiento en la gesti\u00f3n Municipal, enredado en explicaciones que no convencen sobre algunos hechos poco transparentes y que perjudican a las personas que se encuentran en situaci\u00f3n de mayor vulnerabilidad\u201d. \u201cEso es algo que nunca hab\u00eda pasado en la historia del Municipio\u201d, remat\u00f3.\u00a0<\/span><\/p>\n<p dir=\"ltr\"><span style=\"color: #000000;\">Luego de que la banda del cantante Franco Bustos abriera el Encuentro con el jingle \u201cAmor por Olavarr\u00eda\u201d y se diera lugar a la presentaci\u00f3n de candidatos de la Lista 4, Eduardo Rodr\u00edguez se mostr\u00f3 muy conforme por la amplia convocatoria del espacio y dijo que \u201cestamos haciendo una campa\u00f1a con propuestas concretas, de mucho respeto, sin agravios ni descalificaciones, sin peleas como piden los vecinos y muy bien recibidos en cada visita y recorrida que hacemos\u201d.\u00a0<\/span><\/p>\n<p dir=\"ltr\"><span style=\"color: #000000;\">\u201cPero adem\u00e1s, venimos realizando una campa\u00f1a limpia: no hemos puesto ni un afiche, ni pasacalle, ni palero en la ciudad. No lo dijimos, como otros, \u00a1lo hicimos!\u201d dijo Eduardo Rodr\u00edguez.<\/span><\/p>\n<p dir=\"ltr\"><span style=\"color: #000000;\">Posteriormente, Eduardo habl\u00f3 de sus propuestas, no sin antes remarcar que \u201cel Municipio no tiene que poner palos en la rueda. Tiene que tener un rol clave para ser el motor del desarrollo y el progreso de la ciudad y nuestros vecinos. Tiene que acompa\u00f1ar a la industria, al campo, al comercio, a las instituciones, a los artistas\u201d. \u201cPara todo esto, el Municipio tiene que ordenar sus cuentas, tiene que garantizar una administraci\u00f3n austera y eficiente\u201d, dijo.<\/span><\/p>\n<p dir=\"ltr\"><span style=\"color: #000000;\">\u201cPara esto, tenemos m\u00e1s de 100 propuestas concretas que, en estos d\u00edas, estuvieron llegando a todas las casas de Olavarr\u00eda a trav\u00e9s de un folleto y que tambi\u00e9n se encuentran en formato online junto a un formulario que permite abrir la participaci\u00f3n y que cada vecino pueda opinar acerca de cada una\u201d, indic\u00f3 Rodr\u00edguez. En cuanto a las propuestas, el candidato de la Lista 4 destac\u00f3 algunos t\u00f3picos como la recuperaci\u00f3n del Hospital P\u00fablico, las Pol\u00edticas de Seguridad, la centralidad de la Cultura y el Desarrollo Econ\u00f3mico.\u00a0<\/span><\/p>\n<p dir=\"ltr\"><span style=\"color: #000000;\">Continuadamente, Eduardo destac\u00f3 que \u201ctenemos una lista de candidatos con experiencia y convicci\u00f3n, que expresan la dedicaci\u00f3n y el compromiso de trabajar, y tenemos la apertura para que, de ganar el 13 de agosto, convoquemos a los compa\u00f1eros de las otras dos listas y a toda aquella persona que quiera ponerse la camiseta de Olavarr\u00eda\u201d.\u00a0<\/span><\/p>\n<p dir=\"ltr\"><span style=\"color: #000000;\">\u201cYo les agradezco que est\u00e9n ac\u00e1 y los invito a que, en los pr\u00f3ximos d\u00edas antes de las PASO, salgamos a recorrer casa por casa, barrio por barrio, para llegar a todos nuestros vecinos y que sepan que representamos una propuesta amplia, capaz de convocar a todos los olavarrienses que quieren trabajar por la ciudad y las localidades\u201d, sostuvo.<\/span><\/p>\n<p dir=\"ltr\"><span style=\"color: #000000;\">Al momento que Eduardo termin\u00f3 sus palabras, los m\u00e1ximos referentes de la Lista 4 Celeste y Blanca en Uni\u00f3n por la Patria se presentaron al frente para hacer una foto general con todas las personas all\u00ed presentes, extendiendo la boleta que tiene a Sergio Massa y a Eduardo Rodr\u00edguez en sus puntas.\u00a0<\/span><\/p>\n<p dir=\"ltr\"><span style=\"color: #000000;\">Despu\u00e9s de compartir la cena, Eduardo recorri\u00f3 mesa por mesa para hablar con los vecinos y vecinas que se acercaron. El encuentro culmin\u00f3 con la banda de Franco Bustos tocando en vivo ante las personas que bailaron y cantaron al ritmo de hitos de la cumbia de todas las \u00e9pocas.<\/span><\/p>\n","protected":false},"excerpt":{"rendered":"<p>As\u00ed lo expres\u00f3 el Precandidato a Intendente frente a 400 personas que participaron del Encuentro de la Lista 4 realizado el jueves por la noche en la Sociedad de Fomento Mariano Moreno.\u00a0 \u201cHay s\u00edntomas de agotamiento de una gesti\u00f3n Municipal que no ha podido explicar de manera convincente algunos hechos pocos transparentes\u201d expres\u00f3 Eduardo Rodr\u00edguez [&hellip;]<\/p>\n","protected":false},"author":2,"featured_media":57381,"comment_status":"open","ping_status":"open","sticky":false,"template":"","format":"standard","meta":{"footnotes":""},"categories":[2],"tags":[],"class_list":["post-57380","post","type-post","status-publish","format-standard","has-post-thumbnail","hentry","category-noticias-y-actividades"],"_links":{"self":[{"href":"https:\/\/037.com.ar\/foronuevo\/wp-json\/wp\/v2\/posts\/57380","targetHints":{"allow":["GET"]}}],"collection":[{"href":"https:\/\/037.com.ar\/foronuevo\/wp-json\/wp\/v2\/posts"}],"about":[{"href":"https:\/\/037.com.ar\/foronuevo\/wp-json\/wp\/v2\/types\/post"}],"author":[{"embeddable":true,"href":"https:\/\/037.com.ar\/foronuevo\/wp-json\/wp\/v2\/users\/2"}],"replies":[{"embeddable":true,"href":"https:\/\/037.com.ar\/foronuevo\/wp-json\/wp\/v2\/comments?post=57380"}],"version-history":[{"count":0,"href":"https:\/\/037.com.ar\/foronuevo\/wp-json\/wp\/v2\/posts\/57380\/revisions"}],"wp:featuredmedia":[{"embeddable":true,"href":"https:\/\/037.com.ar\/foronuevo\/wp-json\/wp\/v2\/media\/57381"}],"wp:attachment":[{"href":"https:\/\/037.com.ar\/foronuevo\/wp-json\/wp\/v2\/media?parent=57380"}],"wp:term":[{"taxonomy":"category","embeddable":true,"href":"https:\/\/037.com.ar\/foronuevo\/wp-json\/wp\/v2\/categories?post=57380"},{"taxonomy":"post_tag","embeddable":true,"href":"https:\/\/037.com.ar\/foronuevo\/wp-json\/wp\/v2\/tags?post=57380"}],"curies":[{"name":"wp","href":"https:\/\/api.w.org\/{rel}","templated":true}]}}