{"id":57395,"date":"2023-08-09T16:08:29","date_gmt":"2023-08-09T16:08:29","guid":{"rendered":"https:\/\/foroolavarria.org\/?p=57395"},"modified":"2023-08-09T16:08:29","modified_gmt":"2023-08-09T16:08:29","slug":"eduardo-rodriguez-se-reunio-con-los-gremios-que-conformaran-la-cgt-en-olavarria","status":"publish","type":"post","link":"https:\/\/037.com.ar\/foronuevo\/eduardo-rodriguez-se-reunio-con-los-gremios-que-conformaran-la-cgt-en-olavarria\/","title":{"rendered":"Eduardo Rodr\u00edguez se reuni\u00f3 con los gremios  que conformar\u00e1n la CGT en Olavarr\u00eda"},"content":{"rendered":"<p><span style=\"color: #000000;\">En la tarde de este martes, el candidato a Intendente por la Lista 4 Celeste y Blanca en Uni\u00f3n por la Patria, mantuvo un encuentro con representantes de los 41 gremios que conformar\u00e1n la CGT en Olavarr\u00eda . En dicha oportunidad, hablaron sobre la situaci\u00f3n pol\u00edtica local y nacional y se compartieron propuestas.<\/span><\/p>\n<p><span style=\"color: #000000;\">En la tarde de este martes, Eduardo Rodr\u00edguez, candidato a Intendente por la Lista 4 Celeste y Blanca en Uni\u00f3n por la Patria, se reuni\u00f3 con los gremios que conformar\u00e1n la CGT en Olavarr\u00eda. El concejal Gast\u00f3n Sarachu y los candidatos a Concejales que integran la Lista 4, Eva Cura y Carlos Bettiga, participaron de la reuni\u00f3n.<\/span><\/p>\n<p><span style=\"color: #000000;\">El encuentro se desarroll\u00f3 en el sal\u00f3n del Sindicato La Fraternidad y por espacio de hora y media \u00a0hablaron sobre la situaci\u00f3n pol\u00edtica del pa\u00eds y de Olavarr\u00eda en particular.<\/span><\/p>\n<p><span style=\"color: #000000;\">En el encuentro , Eduardo Rodr\u00edguez plante\u00f3 las propuestas concretas que viene planteando para las elecciones del pr\u00f3ximo domingo. \u201cEscuchamos la visi\u00f3n de los compa\u00f1eros trabajadores y compartimos miradas\u201d, indic\u00f3 el candidato a Intendente. \u201cEstos espacios son fundamentales para enriquecer el debate sobre los proyectos de ciudad y pa\u00eds que queremos\u201d, agreg\u00f3.<\/span><\/p>\n","protected":false},"excerpt":{"rendered":"<p>En la tarde de este martes, el candidato a Intendente por la Lista 4 Celeste y Blanca en Uni\u00f3n por la Patria, mantuvo un encuentro con representantes de los 41 gremios que conformar\u00e1n la CGT en Olavarr\u00eda . En dicha oportunidad, hablaron sobre la situaci\u00f3n pol\u00edtica local y nacional y se compartieron propuestas. En la [&hellip;]<\/p>\n","protected":false},"author":2,"featured_media":57396,"comment_status":"open","ping_status":"open","sticky":false,"template":"","format":"standard","meta":{"footnotes":""},"categories":[2],"tags":[],"class_list":["post-57395","post","type-post","status-publish","format-standard","has-post-thumbnail","hentry","category-noticias-y-actividades"],"_links":{"self":[{"href":"https:\/\/037.com.ar\/foronuevo\/wp-json\/wp\/v2\/posts\/57395","targetHints":{"allow":["GET"]}}],"collection":[{"href":"https:\/\/037.com.ar\/foronuevo\/wp-json\/wp\/v2\/posts"}],"about":[{"href":"https:\/\/037.com.ar\/foronuevo\/wp-json\/wp\/v2\/types\/post"}],"author":[{"embeddable":true,"href":"https:\/\/037.com.ar\/foronuevo\/wp-json\/wp\/v2\/users\/2"}],"replies":[{"embeddable":true,"href":"https:\/\/037.com.ar\/foronuevo\/wp-json\/wp\/v2\/comments?post=57395"}],"version-history":[{"count":0,"href":"https:\/\/037.com.ar\/foronuevo\/wp-json\/wp\/v2\/posts\/57395\/revisions"}],"wp:featuredmedia":[{"embeddable":true,"href":"https:\/\/037.com.ar\/foronuevo\/wp-json\/wp\/v2\/media\/57396"}],"wp:attachment":[{"href":"https:\/\/037.com.ar\/foronuevo\/wp-json\/wp\/v2\/media?parent=57395"}],"wp:term":[{"taxonomy":"category","embeddable":true,"href":"https:\/\/037.com.ar\/foronuevo\/wp-json\/wp\/v2\/categories?post=57395"},{"taxonomy":"post_tag","embeddable":true,"href":"https:\/\/037.com.ar\/foronuevo\/wp-json\/wp\/v2\/tags?post=57395"}],"curies":[{"name":"wp","href":"https:\/\/api.w.org\/{rel}","templated":true}]}}