{"id":57406,"date":"2023-08-11T03:52:43","date_gmt":"2023-08-11T03:52:43","guid":{"rendered":"https:\/\/foroolavarria.org\/?p=57406"},"modified":"2023-08-11T03:52:43","modified_gmt":"2023-08-11T03:52:43","slug":"con-el-hospital-municipal-de-fondo-eduardo-rodriguez-cerro-su-campana-con-su-compromiso-con-la-salud-publica","status":"publish","type":"post","link":"https:\/\/037.com.ar\/foronuevo\/con-el-hospital-municipal-de-fondo-eduardo-rodriguez-cerro-su-campana-con-su-compromiso-con-la-salud-publica\/","title":{"rendered":"Con el Hospital Municipal de fondo, Eduardo Rodr\u00edguez cerr\u00f3 su campa\u00f1a con su compromiso con la Sal\u00fad P\u00fablica"},"content":{"rendered":"<p dir=\"ltr\"><span style=\"color: #000000;\">El candidato a Intendente de la Lista 4 Celeste y Blanca en Uni\u00f3n por la Patria, junto a los candidatos que integran su lista, dio cierre a su campa\u00f1a con un video afirmando su compromiso a garantizar el derecho a la Salud en Olavarr\u00eda.<\/span><\/p>\n<p dir=\"ltr\"><span style=\"color: #000000;\">Este jueves, Eduardo Rodr\u00edguez realiz\u00f3 su cierre de campa\u00f1a con un video junto a los candidatos a Concejales y Consejeros Escolares que integran la Lista 4 Celeste y Blanca en Uni\u00f3n por la Patria. La ubicaci\u00f3n elegida fue frente al Hospital Municipal \u201cH\u00e9ctor M. Cura\u201d donde el candidato reafirm\u00f3 su compromiso con la Sal\u00fad P\u00fablica y garantizar su acceso a todos los olavarrienses.\u00a0El video puede verse a trav\u00e9s del siguiente enlace:<\/span> <a href=\"https:\/\/youtu.be\/4Ca4yWCVYuU\" target=\"_blank\" rel=\"noopener\" data-saferedirecturl=\"https:\/\/www.google.com\/url?q=https:\/\/youtu.be\/4Ca4yWCVYuU&amp;source=gmail&amp;ust=1691812000575000&amp;usg=AOvVaw2W2ERC8ry78GD2aQxWa5yT\">https:\/\/youtu.be\/4Ca4yWCVYuU<\/a><\/p>\n<p dir=\"ltr\"><iframe title=\"YouTube video player\" src=\"https:\/\/www.youtube.com\/embed\/4Ca4yWCVYuU\" width=\"560\" height=\"315\" frameborder=\"0\" allowfullscreen=\"allowfullscreen\"><\/iframe><\/p>\n<p dir=\"ltr\"><span style=\"color: #000000;\">\u201cVenimos a hacer el cierre de campa\u00f1a con esta imagen de fondo que es nuestro querido Hospital Municipal \u2018H\u00e9ctor M. Cura\u2019, emblema de Olavarr\u00eda como plaza m\u00e9dica\u201d, comienza diciendo Eduardo Rodr\u00edguez en su video disponible en redes sociales.<\/span><\/p>\n<p dir=\"ltr\"><span style=\"color: #000000;\">\u201cNuestro compromiso, el m\u00edo como candidato a Intendente, el de esta lista de candidatos a Concejales y Consejeros Escolares, es justamente fortalecer el sistema de Sal\u00fad P\u00fablica como la principal pol\u00edtica p\u00fablica de la Municipalidad\u201d, indica Eduardo. A continuaci\u00f3n, agrega que \u201chacemos este cierre de campa\u00f1a ac\u00e1 porque estamos convencidos que el Hospital Municipal tiene que volver a dar certezas a los vecinos y vecinas de Olavarr\u00eda en el peor momento que puede pasar una persona que es el de la enfermedad\u201d.\u00a0<\/span><\/p>\n<p dir=\"ltr\"><span style=\"color: #000000;\">En el video, Eduardo hace un repaso de sus propuestas concretas en materia Salud P\u00fablica que \u201ctienen que ver con recuperar un Hospital con una Direcci\u00f3n M\u00e9dica y una Direcci\u00f3n Administrativa, con dedicaci\u00f3n completa a la gesti\u00f3n hospitalaria\u201d.<\/span><\/p>\n<p dir=\"ltr\"><span style=\"color: #000000;\">Otro de los puntos que resalta el candidato de la Lista 4 Celeste y Blanca en Uni\u00f3n por la Patria es el de \u201crecuperar la atenci\u00f3n primaria de la salud&#8221;. \u201cQue las unidades de atenci\u00f3n primaria vuelvan a ser el primer eslab\u00f3n de atenci\u00f3n de los vecinos y vecinas de Olavarr\u00eda y las localidades\u201d, dijo concretamente en el video de cierre de campa\u00f1a.\u00a0<\/span><\/p>\n<p dir=\"ltr\"><span style=\"color: #000000;\">\u201cHay que mejorar el sistema de turnos por WhatsApp y tambi\u00e9n queremos que todos los olavarrienses que elijan el sistema p\u00fablico, sean atendidos de manera gratuita\u201d, son otras de las propuestas que Eduardo viene sosteniendo. Para eso, plantea \u201celiminar el sistema de carnet hospitalario de manera tal de que los vecinos puedan atenderse en nuestro sistema y que el hospital le cobre a las obras sociales\u201d.\u00a0<\/span><\/p>\n<p dir=\"ltr\"><span style=\"color: #000000;\">Entre otra de las propuestas concretas que Eduardo menciona est\u00e1 el reconocimiento a los trabajadores del \u00e1rea de salud. \u201cQueremos jerarquizar los recursos profesionales de la salud. Las y los m\u00e9dicos, nuestros enfermeros y enfermeras, nuestros administrativos del hospital, que tanto hicieron en la pandemia, tienen que ser reconocidos y jerarquizados\u201d, sostiene.\u00a0<\/span><\/p>\n<p dir=\"ltr\"><span style=\"color: #000000;\">Adem\u00e1s, Eduardo menciona como prioridad \u201cimpulsar el medicamento como un bien social, que est\u00e9 al alcance de los vecinos. Para finalizar, Eduardo Rodr\u00eeguez se comprometi\u00f3 a impulsar un Programa Municipal Integral de Salud Mental\u201d.\u00a0<\/span><\/p>\n<p dir=\"ltr\"><span style=\"color: #000000;\">\u201cEl domingo que viene, el destino de Olavarr\u00eda est\u00e1 en tus manos\u201d, afirma Eduardo Rodr\u00edguez a lo que suma que su compromiso como candidato a Intendente y el de su lista de candidatos a Concejales y Consejeros Escolares es \u201ccon el vecino, con la sal\u00fad p\u00fablica y con las propuestas concretas que hemos llevado casa por casa a los olavarrienses\u201d.\u00a0<\/span><\/p>\n<p dir=\"ltr\"><span style=\"color: #000000;\">\u201cEl domingo 13 empezamos a votar el cambio de intendente, el cambio de gesti\u00f3n municipal que empiece a priorizar el desarrollo y el progreso de los olavarrienses\u201d, concluye.<\/span><\/p>\n<p dir=\"ltr\"><span style=\"color: #000000;\">Para m\u00e1s informaci\u00f3n, acercarse a la Casa Eduardo \u201cChino\u201d Correa, ubicada en Belgrano 3222, de lunes a viernes de 9 a 20 hs. O comunicarse por las siguiente v\u00edas:<\/span><\/p>\n<p dir=\"ltr\"><span style=\"color: #000000;\">WhatsApp: 2284 554873<\/span><\/p>\n<p dir=\"ltr\"><span style=\"color: #000000;\">Correo electr\u00f3nico:<\/span> <a href=\"mailto:foroolavarria@gmail.com\" target=\"_blank\" rel=\"noopener noreferrer\">foroolavarria@gmail.com<\/a><\/p>\n<p dir=\"ltr\"><span style=\"color: #000000;\">P\u00e1gina Web:<\/span><a href=\"http:\/\/www.foroolavarria.org\/\" target=\"_blank\" rel=\"noopener noreferrer\" data-saferedirecturl=\"https:\/\/www.google.com\/url?q=http:\/\/www.foroolavarria.org&amp;source=gmail&amp;ust=1691812000576000&amp;usg=AOvVaw2G6ds9teDJ-bFwGKr4n4LN\"> www.foroolavarria.org<\/a><\/p>\n","protected":false},"excerpt":{"rendered":"<p>El candidato a Intendente de la Lista 4 Celeste y Blanca en Uni\u00f3n por la Patria, junto a los candidatos que integran su lista, dio cierre a su campa\u00f1a con un video afirmando su compromiso a garantizar el derecho a la Salud en Olavarr\u00eda. Este jueves, Eduardo Rodr\u00edguez realiz\u00f3 su cierre de campa\u00f1a con un [&hellip;]<\/p>\n","protected":false},"author":2,"featured_media":57407,"comment_status":"open","ping_status":"open","sticky":false,"template":"","format":"standard","meta":{"footnotes":""},"categories":[2],"tags":[],"class_list":["post-57406","post","type-post","status-publish","format-standard","has-post-thumbnail","hentry","category-noticias-y-actividades"],"_links":{"self":[{"href":"https:\/\/037.com.ar\/foronuevo\/wp-json\/wp\/v2\/posts\/57406","targetHints":{"allow":["GET"]}}],"collection":[{"href":"https:\/\/037.com.ar\/foronuevo\/wp-json\/wp\/v2\/posts"}],"about":[{"href":"https:\/\/037.com.ar\/foronuevo\/wp-json\/wp\/v2\/types\/post"}],"author":[{"embeddable":true,"href":"https:\/\/037.com.ar\/foronuevo\/wp-json\/wp\/v2\/users\/2"}],"replies":[{"embeddable":true,"href":"https:\/\/037.com.ar\/foronuevo\/wp-json\/wp\/v2\/comments?post=57406"}],"version-history":[{"count":0,"href":"https:\/\/037.com.ar\/foronuevo\/wp-json\/wp\/v2\/posts\/57406\/revisions"}],"wp:featuredmedia":[{"embeddable":true,"href":"https:\/\/037.com.ar\/foronuevo\/wp-json\/wp\/v2\/media\/57407"}],"wp:attachment":[{"href":"https:\/\/037.com.ar\/foronuevo\/wp-json\/wp\/v2\/media?parent=57406"}],"wp:term":[{"taxonomy":"category","embeddable":true,"href":"https:\/\/037.com.ar\/foronuevo\/wp-json\/wp\/v2\/categories?post=57406"},{"taxonomy":"post_tag","embeddable":true,"href":"https:\/\/037.com.ar\/foronuevo\/wp-json\/wp\/v2\/tags?post=57406"}],"curies":[{"name":"wp","href":"https:\/\/api.w.org\/{rel}","templated":true}]}}