{"id":57416,"date":"2023-09-19T13:14:34","date_gmt":"2023-09-19T13:14:34","guid":{"rendered":"https:\/\/foroolavarria.org\/?p=57416"},"modified":"2023-09-19T13:14:34","modified_gmt":"2023-09-19T13:14:34","slug":"bono-para-jubilados-concejales-del-foro-olavarria-fr-destacaron-la-medida-de-massa-y-el-beneficio-para-olavarrienses","status":"publish","type":"post","link":"https:\/\/037.com.ar\/foronuevo\/bono-para-jubilados-concejales-del-foro-olavarria-fr-destacaron-la-medida-de-massa-y-el-beneficio-para-olavarrienses\/","title":{"rendered":"Bono para jubilados: Concejales del Foro Olavarr\u00eda &#8211; FR destacaron la medida de Massa y el beneficio para olavarrienses"},"content":{"rendered":"<div id=\":w2\" class=\"ii gt\">\n<div id=\":oo\" class=\"a3s aiL \">\n<div dir=\"ltr\">\nEl Ministro de Econom\u00eda y candidato a Presidente por Uni\u00f3n por la Patria, Sergio Massa, anunci\u00f3 este fin de semana un refuerzo para los jubilados con ingresos de hasta una vez y media del haber m\u00ednimo. In\u00e9s Creimer y Gast\u00f3n Sarachu resaltaron el impacto positivo para los jubilados olavarrienses.<\/p>\n<p>In\u00e9s Creimer y Gast\u00f3n Sarachu, concejales del Foro Olavarr\u00eda &#8211; Frente Renovador en Uni\u00f3n por la Patria, destacaron positivamente las medidas que Sergio Massa, Ministro de Econom\u00eda y candidato a Presidente por Uni\u00f3n por la Patria, anunci\u00f3 este domingo en cuanto al bono de $45 mil para los jubilados con ingresos de hasta una vez y media del haber m\u00ednimo. \u201cEs una muy buena medida que fortalece el ingreso de jubilados y jubiladas de todo el pa\u00eds e impacta positivamente en el bolsillo de las y los olavarrienses de la tercera edad&#8221;, indicaron los concejales.<\/p>\n<p>En concreto, el ministro Sergio Massa aclar\u00f3 que la ayuda de 45 mil pesos se abonar\u00e1 en tres cuotas para todos los jubilados y pensionados, afiliados al PAMI y que perciban una remuneraci\u00f3n equivalente a un haber m\u00ednimo y medio mensual. \u201cEsto da cuenta de un Estado presente, que piensa en la inclusi\u00f3n de todas y todos los argentinos\u201d, se\u00f1alaron Creimer y Sarachu.<\/p>\n<p>&#8220;Es importante que entendamos la importancia de contar con un Estado que impulse herramientas para ayudar a la econom\u00eda de los y las jubiladas de Olavarr\u00eda&#8221;, reflexionaron.<\/p><\/div>\n<div dir=\"ltr\"><\/div>\n<div dir=\"ltr\">Durante el acto en el que se anunci\u00f3 el beneficio para jubilados, Sergio Massa garantiz\u00f3 que si llega al poder &#8220;no se cerrar\u00e1 el PAMI ni se volver\u00e1 al sistema de las AFJP&#8221;.<\/div>\n<div class=\"yj6qo\"><\/div>\n<div class=\"adL\"><\/div>\n<\/div>\n<\/div>\n<div id=\":we\" class=\"hq gt\">\n<div class=\"hp\"><\/div>\n<div id=\":wf\" class=\"ho\">\n<div class=\"a2b\"><\/div>\n<\/div>\n<\/div>\n","protected":false},"excerpt":{"rendered":"<p>El Ministro de Econom\u00eda y candidato a Presidente por Uni\u00f3n por la Patria, Sergio Massa, anunci\u00f3 este fin de semana un refuerzo para los jubilados con ingresos de hasta una vez y media del haber m\u00ednimo. In\u00e9s Creimer y Gast\u00f3n Sarachu resaltaron el impacto positivo para los jubilados olavarrienses. In\u00e9s Creimer y Gast\u00f3n Sarachu, concejales [&hellip;]<\/p>\n","protected":false},"author":2,"featured_media":57417,"comment_status":"open","ping_status":"open","sticky":false,"template":"","format":"standard","meta":{"footnotes":""},"categories":[2],"tags":[],"class_list":["post-57416","post","type-post","status-publish","format-standard","has-post-thumbnail","hentry","category-noticias-y-actividades"],"_links":{"self":[{"href":"https:\/\/037.com.ar\/foronuevo\/wp-json\/wp\/v2\/posts\/57416","targetHints":{"allow":["GET"]}}],"collection":[{"href":"https:\/\/037.com.ar\/foronuevo\/wp-json\/wp\/v2\/posts"}],"about":[{"href":"https:\/\/037.com.ar\/foronuevo\/wp-json\/wp\/v2\/types\/post"}],"author":[{"embeddable":true,"href":"https:\/\/037.com.ar\/foronuevo\/wp-json\/wp\/v2\/users\/2"}],"replies":[{"embeddable":true,"href":"https:\/\/037.com.ar\/foronuevo\/wp-json\/wp\/v2\/comments?post=57416"}],"version-history":[{"count":0,"href":"https:\/\/037.com.ar\/foronuevo\/wp-json\/wp\/v2\/posts\/57416\/revisions"}],"wp:featuredmedia":[{"embeddable":true,"href":"https:\/\/037.com.ar\/foronuevo\/wp-json\/wp\/v2\/media\/57417"}],"wp:attachment":[{"href":"https:\/\/037.com.ar\/foronuevo\/wp-json\/wp\/v2\/media?parent=57416"}],"wp:term":[{"taxonomy":"category","embeddable":true,"href":"https:\/\/037.com.ar\/foronuevo\/wp-json\/wp\/v2\/categories?post=57416"},{"taxonomy":"post_tag","embeddable":true,"href":"https:\/\/037.com.ar\/foronuevo\/wp-json\/wp\/v2\/tags?post=57416"}],"curies":[{"name":"wp","href":"https:\/\/api.w.org\/{rel}","templated":true}]}}