{"id":57427,"date":"2023-10-29T18:40:22","date_gmt":"2023-10-29T18:40:22","guid":{"rendered":"https:\/\/foroolavarria.org\/?p=57427"},"modified":"2023-10-29T18:40:22","modified_gmt":"2023-10-29T18:40:22","slug":"eduardo-rodriguez-la-victoria-de-sergio-massa-en-olavarria-indica-la-confianza-en-su-proyecto-de-pais","status":"publish","type":"post","link":"https:\/\/037.com.ar\/foronuevo\/eduardo-rodriguez-la-victoria-de-sergio-massa-en-olavarria-indica-la-confianza-en-su-proyecto-de-pais\/","title":{"rendered":"Eduardo Rodr\u00edguez: \u201cla victoria de Sergio Massa en Olavarr\u00eda indica la confianza en su proyecto de pa\u00eds\u201d"},"content":{"rendered":"<p dir=\"ltr\"><span style=\"color: #000000;\">As\u00ed lo indic\u00f3 el referente del massismo local luego de conocerse el triunfo de Uni\u00f3n por la Patria en Olavarr\u00eda, posicionando al candidato a presidente como el m\u00e1s votado en la ciudad.<\/span><\/p>\n<p dir=\"ltr\"><span style=\"color: #000000;\">En Olavarr\u00eda, las Elecciones Generales de este domingo posicionaron a Uni\u00f3n por la Patria como el espacio m\u00e1s votado. De este modo, el candidato a presidente, Sergio Massa, gan\u00f3 en Olavarr\u00eda con 22.448 votos.<\/span><\/p>\n<p dir=\"ltr\"><span style=\"color: #000000;\">Eduardo Rodr\u00edguez, referente del Frente Renovador en Olavarr\u00eda, analiz\u00f3 que \u201cla victoria de Sergio Massa en Olavarr\u00eda indica la confianza de las vecinas y vecinos en su proyecto de pa\u00eds\u201d. \u201cSeguiremos trabajando para que m\u00e1s olavarrienses elijan este proyecto de cara al balotaje de noviembre\u201d, asegur\u00f3.<\/span><\/p>\n<p dir=\"ltr\"><span style=\"color: #000000;\">Eduardo Rodr\u00edguez celebr\u00f3 los resultados obtenidos por Uni\u00f3n por la Patria en la ciudad, donde tambi\u00e9n gan\u00f3 el Gobernador reelecto, Axel Kicillof, y el Intendente electo Maximiliano Wesner. \u201cOlavarr\u00eda tiene grandes oportunidades de ser protagonista en el proyecto de pa\u00eds que propone Sergio (Massa), y el proyecto de Provincia de Axel (Kicillof)\u201d, sostuvo Eduardo.<\/span><\/p>\n<p dir=\"ltr\"><span style=\"color: #000000;\">\u201cCumplimos con nuestra palabra de trabajar para tener un nuevo Intendente de Olavarr\u00eda\u201d dijo Eduardo al felicitar a Maxi Wesner. \u201cNos espera un desaf\u00edo enorme de trabajar por una mejor Olavarr\u00eda\u201d, se\u00f1al\u00f3 al tiempo que extendi\u00f3 las felicitaciones a todo el equipo de Uni\u00f3n por la Patria de Olavarr\u00eda \u201cpor el compromiso, la militancia y la perseverancia por el proyecto\u201d.<\/span><\/p>\n<p dir=\"ltr\"><span style=\"color: #000000;\">Adem\u00e1s, Eduardo dijo que \u201cdesde el Foro Olavarr\u00eda y el Frente Renovador renovamos nuestro compromiso con Olavarr\u00eda y el Derecho de todas y todos a la ciudad y las localidades\u201d.<\/span><\/p>\n<p dir=\"ltr\"><span style=\"color: #000000;\">\u201cNuestra industria, nuestro campo, nuestro comercio, nuestra educaci\u00f3n p\u00fablica, nuestros investigadores, nuestros trabajadores y trabajadoras ser\u00e1n pilares para construir una Argentina con desarrollo\u201d, indic\u00f3 Eduardo Rodr\u00edguez.<\/span><\/p>\n","protected":false},"excerpt":{"rendered":"<p>As\u00ed lo indic\u00f3 el referente del massismo local luego de conocerse el triunfo de Uni\u00f3n por la Patria en Olavarr\u00eda, posicionando al candidato a presidente como el m\u00e1s votado en la ciudad. En Olavarr\u00eda, las Elecciones Generales de este domingo posicionaron a Uni\u00f3n por la Patria como el espacio m\u00e1s votado. De este modo, el [&hellip;]<\/p>\n","protected":false},"author":2,"featured_media":57428,"comment_status":"open","ping_status":"open","sticky":false,"template":"","format":"standard","meta":{"footnotes":""},"categories":[2],"tags":[],"class_list":["post-57427","post","type-post","status-publish","format-standard","has-post-thumbnail","hentry","category-noticias-y-actividades"],"_links":{"self":[{"href":"https:\/\/037.com.ar\/foronuevo\/wp-json\/wp\/v2\/posts\/57427","targetHints":{"allow":["GET"]}}],"collection":[{"href":"https:\/\/037.com.ar\/foronuevo\/wp-json\/wp\/v2\/posts"}],"about":[{"href":"https:\/\/037.com.ar\/foronuevo\/wp-json\/wp\/v2\/types\/post"}],"author":[{"embeddable":true,"href":"https:\/\/037.com.ar\/foronuevo\/wp-json\/wp\/v2\/users\/2"}],"replies":[{"embeddable":true,"href":"https:\/\/037.com.ar\/foronuevo\/wp-json\/wp\/v2\/comments?post=57427"}],"version-history":[{"count":0,"href":"https:\/\/037.com.ar\/foronuevo\/wp-json\/wp\/v2\/posts\/57427\/revisions"}],"wp:featuredmedia":[{"embeddable":true,"href":"https:\/\/037.com.ar\/foronuevo\/wp-json\/wp\/v2\/media\/57428"}],"wp:attachment":[{"href":"https:\/\/037.com.ar\/foronuevo\/wp-json\/wp\/v2\/media?parent=57427"}],"wp:term":[{"taxonomy":"category","embeddable":true,"href":"https:\/\/037.com.ar\/foronuevo\/wp-json\/wp\/v2\/categories?post=57427"},{"taxonomy":"post_tag","embeddable":true,"href":"https:\/\/037.com.ar\/foronuevo\/wp-json\/wp\/v2\/tags?post=57427"}],"curies":[{"name":"wp","href":"https:\/\/api.w.org\/{rel}","templated":true}]}}