{"id":57430,"date":"2023-10-29T18:44:17","date_gmt":"2023-10-29T18:44:17","guid":{"rendered":"https:\/\/foroolavarria.org\/?p=57430"},"modified":"2023-10-29T18:44:17","modified_gmt":"2023-10-29T18:44:17","slug":"el-interbloque-union-por-la-patria-impulsa-reconocimiento-a-presidentes-del-hcd","status":"publish","type":"post","link":"https:\/\/037.com.ar\/foronuevo\/el-interbloque-union-por-la-patria-impulsa-reconocimiento-a-presidentes-del-hcd\/","title":{"rendered":"El Interbloque Uni\u00f3n por la Patria impulsa reconocimiento a Presidentes del HCD"},"content":{"rendered":"<p><span style=\"color: #000000;\"><i>La iniciativa se enmarca en el 40\u00ba aniversario de la recuperaci\u00f3n de la democracia en nuestro pa\u00eds. El interbloque busca homenajear a todas las personas que cumplieron el rol de Presidente del HCD en este tiempo.<\/i><\/span><\/p>\n<p><span style=\"color: #000000;\">Este lunes 30 de octubre se cumplen 40 a\u00f1os desde que se recuper\u00f3 la democracia en nuestro pa\u00eds. En el marco de los reconocimientos pertinentes, el Interbloque Uni\u00f3n por la Patria elev\u00f3 un proyecto solicitando la colocaci\u00f3n de una placa alusiva para homenajear a todas las personas que ocuparon el rol de Presidente del Concejo Deliberante en ese tiempo.<\/span><\/p>\n<p><span style=\"color: #000000;\">Desde el bloque Foro Olavarr\u00eda &#8211; Frente Renovador, espacio conformado por la concejala In\u00e9s Creimer y el concejal Gast\u00f3n Sarachu y que integra el interbloque Uni\u00f3n por la Patria, indicaron que \u201ccelebrar 40 a\u00f1os de democracia ininterrumpida nos llena de orgullo y nos invita a reflexionar\u201d.<\/span><\/p>\n<p><span style=\"color: #000000;\">\u201cEntendemos que es importante dedicar un reconocimiento a aquellas personas que asumieron la gran responsabilidad de presidir el Concejo Deliberante, un espacio tan representativo de la democracia, donde tambi\u00e9n se construye la vida social de Olavarr\u00eda\u201d, argumentaron.<\/span><\/p>\n<p><span style=\"color: #000000;\">El proyecto presentado expone \u201cel funcionamiento del Honorable Concejo Deliberante de Olavarr\u00eda inaugur\u00f3 otra etapa con la vuelta de la democracia, en 1983\u201d, y considera \u201coportuno el reconocimiento a trav\u00e9s de la instalaci\u00f3n de una placa alusiva, a los hombres y mujeres que \u00a0presidieron el Honorable Concejo Deliberante de Olavarr\u00eda, elegidos como concejales y concejalas por la voluntad popular, y por el cuerpo deliberativo para presidir el mismo\u201d.<\/span><\/p>\n<p><span style=\"color: #000000;\">A su vez, el documento expresa que \u201cesta iniciativa tiene el fin de promover y reconocer los valores democr\u00e1ticos, impulsar, concientizar y resaltar la importancia y el significado hist\u00f3rico, pol\u00edtico y social que posee la democracia para la comunidad de Olavarr\u00eda\u201d.<\/span><\/p>\n<p><span style=\"color: #000000;\">La lista de personas que presidieron el Honorable Concejo Deliberante de Olavarr\u00eda est\u00e1 conformada por:<\/span><\/p>\n<p><span style=\"color: #000000;\">1983-1985 Ing. Nelson Di Gi\u00e1como<\/span><br \/>\n<span style=\"color: #000000;\">1985-1987 Cr. Ra\u00fal Lindner<\/span><br \/>\n<span style=\"color: #000000;\">1987-1989 Dr. Salvador Nasello<\/span><br \/>\n<span style=\"color: #000000;\">1989-1991 Pedro Pareja<\/span><br \/>\n<span style=\"color: #000000;\">1991-1993 Cr. Ra\u00fal Lindner<\/span><br \/>\n<span style=\"color: #000000;\">1993-1995 Dr. Jorge Scuffi<\/span><br \/>\n<span style=\"color: #000000;\">1995-1997 Dr. Julio Alem (h)<\/span><br \/>\n<span style=\"color: #000000;\">1997-1999 Dr. Julio Alem (h)<\/span><br \/>\n<span style=\"color: #000000;\">1999-2001 Dr. Julio Alem (h)<\/span><br \/>\n<span style=\"color: #000000;\">2001-2003 Dr. Julio Alem (h)<\/span><br \/>\n<span style=\"color: #000000;\">2003-2005 Dr. Julio Alem (h)<\/span><br \/>\n<span style=\"color: #000000;\">2005-2009 Dr. Julio Alem (h)<\/span><br \/>\n<span style=\"color: #000000;\">2009-2011 Franco Cominotto<\/span><br \/>\n<span style=\"color: #000000;\">2011-2013 Carolina Szelagowsky<\/span><br \/>\n<span style=\"color: #000000;\">2013-2015 Eduardo Rodr\u00edguez<\/span><br \/>\n<span style=\"color: #000000;\">2015-2017 Eduardo Rodr\u00edguez<\/span><br \/>\n<span style=\"color: #000000;\">2017-2019 Bruno Cenizo<\/span><br \/>\n<span style=\"color: #000000;\">2019-2021 Bruno Cenizo<\/span><br \/>\n<span style=\"color: #000000;\">2021-2023 Cecilia Krivochen<\/span><\/p>\n","protected":false},"excerpt":{"rendered":"<p>La iniciativa se enmarca en el 40\u00ba aniversario de la recuperaci\u00f3n de la democracia en nuestro pa\u00eds. El interbloque busca homenajear a todas las personas que cumplieron el rol de Presidente del HCD en este tiempo. Este lunes 30 de octubre se cumplen 40 a\u00f1os desde que se recuper\u00f3 la democracia en nuestro pa\u00eds. En [&hellip;]<\/p>\n","protected":false},"author":2,"featured_media":57431,"comment_status":"open","ping_status":"open","sticky":false,"template":"","format":"standard","meta":{"footnotes":""},"categories":[2],"tags":[],"class_list":["post-57430","post","type-post","status-publish","format-standard","has-post-thumbnail","hentry","category-noticias-y-actividades"],"_links":{"self":[{"href":"https:\/\/037.com.ar\/foronuevo\/wp-json\/wp\/v2\/posts\/57430","targetHints":{"allow":["GET"]}}],"collection":[{"href":"https:\/\/037.com.ar\/foronuevo\/wp-json\/wp\/v2\/posts"}],"about":[{"href":"https:\/\/037.com.ar\/foronuevo\/wp-json\/wp\/v2\/types\/post"}],"author":[{"embeddable":true,"href":"https:\/\/037.com.ar\/foronuevo\/wp-json\/wp\/v2\/users\/2"}],"replies":[{"embeddable":true,"href":"https:\/\/037.com.ar\/foronuevo\/wp-json\/wp\/v2\/comments?post=57430"}],"version-history":[{"count":0,"href":"https:\/\/037.com.ar\/foronuevo\/wp-json\/wp\/v2\/posts\/57430\/revisions"}],"wp:featuredmedia":[{"embeddable":true,"href":"https:\/\/037.com.ar\/foronuevo\/wp-json\/wp\/v2\/media\/57431"}],"wp:attachment":[{"href":"https:\/\/037.com.ar\/foronuevo\/wp-json\/wp\/v2\/media?parent=57430"}],"wp:term":[{"taxonomy":"category","embeddable":true,"href":"https:\/\/037.com.ar\/foronuevo\/wp-json\/wp\/v2\/categories?post=57430"},{"taxonomy":"post_tag","embeddable":true,"href":"https:\/\/037.com.ar\/foronuevo\/wp-json\/wp\/v2\/tags?post=57430"}],"curies":[{"name":"wp","href":"https:\/\/api.w.org\/{rel}","templated":true}]}}