{"id":57447,"date":"2023-11-23T13:13:47","date_gmt":"2023-11-23T13:13:47","guid":{"rendered":"https:\/\/foroolavarria.org\/?p=57447"},"modified":"2023-11-23T13:13:47","modified_gmt":"2023-11-23T13:13:47","slug":"por-iniciativa-del-foro-olavarria-fr-leti-paternostro-recibio-la-distincion-honor-al-merito-ciudadano","status":"publish","type":"post","link":"https:\/\/037.com.ar\/foronuevo\/por-iniciativa-del-foro-olavarria-fr-leti-paternostro-recibio-la-distincion-honor-al-merito-ciudadano\/","title":{"rendered":"Por iniciativa del Foro Olavarr\u00eda &#8211; FR, Leti Paternostro recibi\u00f3 la distinci\u00f3n \u201cHonor al M\u00e9rito Ciudadano\u201d"},"content":{"rendered":"<p dir=\"ltr\"><span style=\"color: #000000;\">El reconocimiento fue entregado por el Concejo Deliberante a la artista de gran trayectoria. La distinci\u00f3n fue una iniciativa del bloque Foro Olavarr\u00eda &#8211; Frente Renovador en Uni\u00f3n por la Patria, aprobada en la 14\u00aa Sesi\u00f3n Ordinaria.<\/span><\/p>\n<p dir=\"ltr\"><span style=\"color: #000000;\">Este jueves, el HCD de Olavarr\u00eda, por iniciativa del bloque Foro Olavarr\u00eda &#8211; Frente Renovador en Uni\u00f3n por la Patria, integrado por la Concejala In\u00e9s Creimer y el concejal Gast\u00f3n Sarachu, hizo entrega del galard\u00f3n \u201cHonor al M\u00e9rito Ciudadano\u201d a Leti Paternostro, artista que se encuentra celebrando 50 a\u00f1os de trayectoria. La distinci\u00f3n fue aprobada en la 14\u00aa Sesi\u00f3n Ordinaria del Concejo Deliberante.<\/span><\/p>\n<p dir=\"ltr\"><span style=\"color: #000000;\">\u201cEsto es un reconocimiento a todo el recorrido que hemos hecho, yo soy una privilegiada porque tuve la suerte de estar con todos los m\u00fasicos de Olavarr\u00eda\u201d, manifest\u00f3 muy emocionada Leti Paternostro al recibir la distinci\u00f3n.\u00a0<\/span><\/p>\n<p dir=\"ltr\"><span style=\"color: #000000;\">En la 14\u00aa Sesi\u00f3n Ordinaria del Concejo Deliberante, realizada el pasado 12 de octubre, la concejala In\u00e9s Creimer hab\u00eda se\u00f1alado, al momento de exponer el proyecto que propon\u00eda el reconocimiento a la artista, que \u201cLeti Paternostro es la representaci\u00f3n de una Olavarr\u00eda de una construcci\u00f3n cultural y social diferente a la actual\u201d. \u201cSi leemos la historia profesional y de vida de Leti Paternostro nos encontramos con variados y destacados referentes de la historia cultural, deportiva y social de Olavarr\u00eda\u201d,.\u00a0<\/span><\/p>\n<p dir=\"ltr\"><span style=\"color: #000000;\">El reconocimiento a Leti Paternostro se da en el aniversario N\u00ba 50 de su recorrido art\u00edstico.<\/span><\/p>\n<p dir=\"ltr\"><span style=\"color: #000000;\">Leti Paternostro se inici\u00f3 en el mundo art\u00edstico a trav\u00e9s de la m\u00fasica y la danza, form\u00e1ndose en teor\u00eda musical, piano y solfeo en el Instituto Chiappe de Buenos Aires y en baile espa\u00f1ol y danzas folcl\u00f3ricas con Marta Ressia. Sus primeras presentaciones fueron en actos escolares, concursos para ni\u00f1os y fiestas familiares.\u00a0<\/span><\/p>\n<p dir=\"ltr\"><span style=\"color: #000000;\">De sus primeras actuaciones se destacan las presentaciones en las pe\u00f1as organizadas por los hermanos Emiliozzi y sus apariciones en radio acompa\u00f1ada por los artistas locales Carlos Rossi, Octavio Sabattini, Rub\u00e9n Gorosito y Elsa Paternostro.<\/span><\/p>\n<p dir=\"ltr\"><span style=\"color: #000000;\">Su amplia trayectoria la llev\u00f3 a conformar la Orquesta Municipal como cantante, la misma estaba compuesta por 21 m\u00fasicos y era dirigida por el maestro Octavio Sabattini con la que recorri\u00f3 distintas provincias, present\u00e1ndose en veladas y compartiendo escenarios con artistas muy reconocidos.\u00a0<\/span><\/p>\n<p dir=\"ltr\"><span style=\"color: #000000;\">A su vez, Leti Paternostro supo formar parte de las reconocidas bandas locales \u201cLos Marsfhall\u201d y \u201cTr\u00edo Latino\u201d. Adem\u00e1s, particip\u00f3 de la creaci\u00f3n de conjuntos musicales como la \u201cEmbajada Olavarriense\u201d, \u201cLos Amautas\u2019\u2019 y la orquesta de m\u00fasica tropical \u201cLos Ciclones\u201d.<\/span><\/p>\n<p dir=\"ltr\"><span style=\"color: #000000;\">Su talento y experiencia le permitieron llegar a ser entrevistada por el mismo\u00a0Victor Hugo Morales para Radio Continental y pisar escenarios important\u00edsimos para la escena cultural y art\u00edstica del pa\u00eds como \u201cTeatro Alvear\u201d, \u201cCentro Cultural Recoleta\u201d, \u201cCaf\u00e9 Tortoni\u201d, y el \u201cTeatro Auditorium de Mar del Plata\u201d.\u00a0<\/span><\/p>\n<p dir=\"ltr\"><span style=\"color: #000000;\">En el Partido de Olavarr\u00eda, ya contando con un gran reconocimiento, particip\u00f3 en eventos y fiestas populares como \u201cEl Pueblo va a su Plaza\u201d, \u201cAplauso al Asador\u201d, \u201cFiesta de la Kerb\u201d, \u201cFiesta del Camping\u201d, \u201cAniversario de Olavarr\u00eda\u201d. Actualmente sigue trabajando en pe\u00f1as, milongas y festivales.<\/span><\/p>\n","protected":false},"excerpt":{"rendered":"<p>El reconocimiento fue entregado por el Concejo Deliberante a la artista de gran trayectoria. La distinci\u00f3n fue una iniciativa del bloque Foro Olavarr\u00eda &#8211; Frente Renovador en Uni\u00f3n por la Patria, aprobada en la 14\u00aa Sesi\u00f3n Ordinaria. Este jueves, el HCD de Olavarr\u00eda, por iniciativa del bloque Foro Olavarr\u00eda &#8211; Frente Renovador en Uni\u00f3n por [&hellip;]<\/p>\n","protected":false},"author":2,"featured_media":57448,"comment_status":"open","ping_status":"open","sticky":false,"template":"","format":"standard","meta":{"footnotes":""},"categories":[2],"tags":[],"class_list":["post-57447","post","type-post","status-publish","format-standard","has-post-thumbnail","hentry","category-noticias-y-actividades"],"_links":{"self":[{"href":"https:\/\/037.com.ar\/foronuevo\/wp-json\/wp\/v2\/posts\/57447","targetHints":{"allow":["GET"]}}],"collection":[{"href":"https:\/\/037.com.ar\/foronuevo\/wp-json\/wp\/v2\/posts"}],"about":[{"href":"https:\/\/037.com.ar\/foronuevo\/wp-json\/wp\/v2\/types\/post"}],"author":[{"embeddable":true,"href":"https:\/\/037.com.ar\/foronuevo\/wp-json\/wp\/v2\/users\/2"}],"replies":[{"embeddable":true,"href":"https:\/\/037.com.ar\/foronuevo\/wp-json\/wp\/v2\/comments?post=57447"}],"version-history":[{"count":0,"href":"https:\/\/037.com.ar\/foronuevo\/wp-json\/wp\/v2\/posts\/57447\/revisions"}],"wp:featuredmedia":[{"embeddable":true,"href":"https:\/\/037.com.ar\/foronuevo\/wp-json\/wp\/v2\/media\/57448"}],"wp:attachment":[{"href":"https:\/\/037.com.ar\/foronuevo\/wp-json\/wp\/v2\/media?parent=57447"}],"wp:term":[{"taxonomy":"category","embeddable":true,"href":"https:\/\/037.com.ar\/foronuevo\/wp-json\/wp\/v2\/categories?post=57447"},{"taxonomy":"post_tag","embeddable":true,"href":"https:\/\/037.com.ar\/foronuevo\/wp-json\/wp\/v2\/tags?post=57447"}],"curies":[{"name":"wp","href":"https:\/\/api.w.org\/{rel}","templated":true}]}}