{"id":57456,"date":"2024-01-02T21:36:51","date_gmt":"2024-01-02T21:36:51","guid":{"rendered":"https:\/\/foroolavarria.org\/?p=57456"},"modified":"2024-01-02T21:36:51","modified_gmt":"2024-01-02T21:36:51","slug":"la-casa-eduardo-chino-correa-celebra-sus-3-anos-de-actividad","status":"publish","type":"post","link":"https:\/\/037.com.ar\/foronuevo\/la-casa-eduardo-chino-correa-celebra-sus-3-anos-de-actividad\/","title":{"rendered":"La Casa Eduardo \u201cChino\u201d Correa celebra sus 3 a\u00f1os de actividad"},"content":{"rendered":"<p dir=\"ltr\"><span style=\"color: #000000;\">La sede oficial del Foro Olavarr\u00eda &#8211; Frente Renovador abri\u00f3 sus puertas en diciembre de 2020 y desde el espacio destacaron la labor pol\u00edtica, comunitaria y cultural realizada. \u201cSiempre con las puertas abiertas para quienes quieran sumarse\u201d, resalt\u00f3 Eduardo Rodr\u00edguez.<\/span><\/p>\n<p dir=\"ltr\"><span style=\"color: #000000;\">La Casa Eduardo \u201cChino\u201d Correa, sede oficial del Foro Olavarr\u00eda &#8211; Frente Renovador, se encuentra cumpliendo su 3\u00ba aniversario desde su apertura en 2020. El espacio conformado por Eduardo Rodr\u00edguez, In\u00e9s Creimer y Gast\u00f3n Sarachu como sus m\u00e1ximos referentes realiz\u00f3 un recorrido de sus actividades pol\u00edticas, comunitarias y culturales desarrolladas en este tiempo.<\/span><\/p>\n<p dir=\"ltr\"><span style=\"color: #000000;\">Entre las actividades m\u00e1s destacadas se encuentran el VIVO 153\u00ba aniversario de Olavarr\u00eda en contexto de pandemia, el Carnaval 2021 y distintas propuestas con artistas locales. Adem\u00e1s, la Casa Eduardo \u201cChino\u201d Correa fue un punto de referencia para el programa Potenciar Trabajo, una herramienta que permiti\u00f3 que muchas vecinas y vecinos puedan acceder a capacitaciones y oportunidades laborales. Adem\u00e1s, se resalta el funcionamiento de la Escuela de Gobierno del Frente Renovador, ProyectAr,\u00a0un espacio de formaci\u00f3n de equipos t\u00e9cnicos y de gesti\u00f3n basados en el conocimiento, con solidez y visi\u00f3n de largo plazo, la cual es presidida por Sergio Massa, dirigida por M\u00f3nica Litza y coordinada a nivel local por Eduardo Rodr\u00edguez.<\/span><\/p>\n<p dir=\"ltr\"><span style=\"color: #000000;\">A su vez, la sede oficial del Foro Olavarr\u00eda &#8211; Frente Renovador facilit\u00f3 la inscripci\u00f3n para el Plan de Vacunaci\u00f3n contra el COVID-19, ofreci\u00f3 consulta de padr\u00f3n en \u00e9pocas de elecciones en los a\u00f1os 2021 y 2023, y realiz\u00f3 un destacado trabajo comunitario con donaciones de ropa, alimentos, \u00fatiles escolares y elementos de primera necesidad.<\/span><\/p>\n<p dir=\"ltr\"><span style=\"color: #000000;\">En el a\u00f1o 2023, la Casa Eduardo \u201cChino\u201d Correa fue anfitriona de las actividades de campa\u00f1a realizadas para la propuesta que llev\u00f3 a Eduardo Rodr\u00edguez como precandidato a Intendente de nuestra ciudad. En este sentido, se sumaron dirigentes y militantes que aportaron conocimiento y capacidad de trabajo, conformando un equipo diverso con experiencia y compromiso por el Partido de Olavarr\u00eda.\u00a0\u00a0<\/span><\/p>\n<p dir=\"ltr\"><span style=\"color: #000000;\">El referente Eduardo Rodr\u00edguez dedic\u00f3 unas palabras ante un nuevo aniversario de la Casa Eduardo \u201cChino\u201d Correa expresando \u201ctres a\u00f1os de trabajo comunitario, cultural y pol\u00edtico en nuestra Casa que lleva el nombre del recordado y querido Eduardo Chino Correa\u201d y agreg\u00f3 sus agradecimientos \u201ca las y los olavarrienses que participan activamente por el Derecho de Todos a Olavarr\u00eda, entendido como el derecho de toda persona a crear y habitar una ciudad que responda a las necesidades humanas\u201d.<\/span><\/p>\n<p dir=\"ltr\"><span style=\"color: #000000;\">Por otra parte, Rodr\u00edguez se\u00f1al\u00f3 que \u201ccontinuamos con el compromiso por este Amor por Olavarr\u00eda y por una ciudad diversa, plural, con progreso, desarrollo y calidad institucional, ahora integrando y acompa\u00f1ando al nuevo Gobierno Municipal y al Intendente Maxi Wesner por una mejor Olavarr\u00eda\u201d. \u201cSiempre con las puertas abiertas para quienes quieran sumarse a la tarea y ser protagonista de la vida p\u00fablica de la ciudad y las localidades\u201d, indic\u00f3.\u00a0<\/span><\/p>\n<p dir=\"ltr\"><span style=\"color: #000000;\">En esta l\u00ednea tambi\u00e9n se expresaron In\u00e9s Creimer y Gast\u00f3n Sarachu. \u201cA 3 a\u00f1os de\u00a0la Casa Eduardo \u201cChino\u201d Correa, destacamos el trabajo del Foro Olavarr\u00eda &#8211; Frente Renovador en estos a\u00f1os complejos. Hemos logrado ser una referencia en el trabajo desde la cultura, el g\u00e9nero, la educaci\u00f3n y la pol\u00edtica, \u00e1reas fundamentales desde las cuales las cosas se transforman\u201d, manifest\u00f3 Creimer.<\/span><\/p>\n<p dir=\"ltr\"><span style=\"color: #000000;\">Gast\u00f3n Sarachu, por su parte, celebr\u00f3 \u201c3 a\u00f1os de mucho trabajo, de mucha construcci\u00f3n pol\u00edtica, comunitaria y cultural. Agradezco a todas las personas que forman parte de esta historia que sigue construy\u00e9ndose con el compromiso de una Olavarr\u00eda por y para todas las vecinas y vecinos\u201d.<\/span><\/p>\n","protected":false},"excerpt":{"rendered":"<p>La sede oficial del Foro Olavarr\u00eda &#8211; Frente Renovador abri\u00f3 sus puertas en diciembre de 2020 y desde el espacio destacaron la labor pol\u00edtica, comunitaria y cultural realizada. \u201cSiempre con las puertas abiertas para quienes quieran sumarse\u201d, resalt\u00f3 Eduardo Rodr\u00edguez. La Casa Eduardo \u201cChino\u201d Correa, sede oficial del Foro Olavarr\u00eda &#8211; Frente Renovador, se encuentra [&hellip;]<\/p>\n","protected":false},"author":2,"featured_media":57457,"comment_status":"open","ping_status":"open","sticky":false,"template":"","format":"standard","meta":{"footnotes":""},"categories":[2],"tags":[],"class_list":["post-57456","post","type-post","status-publish","format-standard","has-post-thumbnail","hentry","category-noticias-y-actividades"],"_links":{"self":[{"href":"https:\/\/037.com.ar\/foronuevo\/wp-json\/wp\/v2\/posts\/57456","targetHints":{"allow":["GET"]}}],"collection":[{"href":"https:\/\/037.com.ar\/foronuevo\/wp-json\/wp\/v2\/posts"}],"about":[{"href":"https:\/\/037.com.ar\/foronuevo\/wp-json\/wp\/v2\/types\/post"}],"author":[{"embeddable":true,"href":"https:\/\/037.com.ar\/foronuevo\/wp-json\/wp\/v2\/users\/2"}],"replies":[{"embeddable":true,"href":"https:\/\/037.com.ar\/foronuevo\/wp-json\/wp\/v2\/comments?post=57456"}],"version-history":[{"count":0,"href":"https:\/\/037.com.ar\/foronuevo\/wp-json\/wp\/v2\/posts\/57456\/revisions"}],"wp:featuredmedia":[{"embeddable":true,"href":"https:\/\/037.com.ar\/foronuevo\/wp-json\/wp\/v2\/media\/57457"}],"wp:attachment":[{"href":"https:\/\/037.com.ar\/foronuevo\/wp-json\/wp\/v2\/media?parent=57456"}],"wp:term":[{"taxonomy":"category","embeddable":true,"href":"https:\/\/037.com.ar\/foronuevo\/wp-json\/wp\/v2\/categories?post=57456"},{"taxonomy":"post_tag","embeddable":true,"href":"https:\/\/037.com.ar\/foronuevo\/wp-json\/wp\/v2\/tags?post=57456"}],"curies":[{"name":"wp","href":"https:\/\/api.w.org\/{rel}","templated":true}]}}