{"id":57592,"date":"2024-04-15T18:14:09","date_gmt":"2024-04-15T18:14:09","guid":{"rendered":"https:\/\/foroolavarria.org\/?p=57592"},"modified":"2024-04-15T18:14:09","modified_gmt":"2024-04-15T18:14:09","slug":"este-jueves-marcelo-cunioli-y-el-emprendimiento-en-pymes-en-el-tercer-encuentro-del-ciclo-de-charlas-de-proyectar-olavarria","status":"publish","type":"post","link":"https:\/\/037.com.ar\/foronuevo\/este-jueves-marcelo-cunioli-y-el-emprendimiento-en-pymes-en-el-tercer-encuentro-del-ciclo-de-charlas-de-proyectar-olavarria\/","title":{"rendered":"Este jueves, Marcelo Cunioli y el emprendimiento en PyMEs en el tercer encuentro del ciclo de charlas de &#8220;ProyectAr&#8221; Olavarr\u00eda"},"content":{"rendered":"<p>Bajo la consigna \u201cEmprender desde una PyME en el nuevo panorama\u201d, la Escuela de Gobierno y Pol\u00edticas P\u00fablicas, coordinada a nivel local por Eduardo Rodr\u00edguez, contin\u00faa con su iniciativa abierta al p\u00fablico.<\/p>\n<p>&nbsp;<\/p>\n<p><img fetchpriority=\"high\" decoding=\"async\" class=\"aligncenter wp-image-57593\" src=\"https:\/\/037.com.ar\/foronuevo\/wp-content\/uploads\/2024\/04\/Mesa-de-Dialogo-diseno-proyectar.jpg\" alt=\"\" width=\"553\" height=\"553\" srcset=\"https:\/\/037.com.ar\/foronuevo\/wp-content\/uploads\/2024\/04\/Mesa-de-Dialogo-diseno-proyectar.jpg 1080w, https:\/\/037.com.ar\/foronuevo\/wp-content\/uploads\/2024\/04\/Mesa-de-Dialogo-diseno-proyectar-300x300.jpg 300w, https:\/\/037.com.ar\/foronuevo\/wp-content\/uploads\/2024\/04\/Mesa-de-Dialogo-diseno-proyectar-1024x1024.jpg 1024w, https:\/\/037.com.ar\/foronuevo\/wp-content\/uploads\/2024\/04\/Mesa-de-Dialogo-diseno-proyectar-150x150.jpg 150w, https:\/\/037.com.ar\/foronuevo\/wp-content\/uploads\/2024\/04\/Mesa-de-Dialogo-diseno-proyectar-768x768.jpg 768w\" sizes=\"(max-width: 553px) 100vw, 553px\" \/><\/p>\n<p>Este jueves 18 de abril, la Escuela de Gobierno y Pol\u00edticas P\u00fablicas \u201cProyectAr\u201d sede Olavarr\u00eda contin\u00faa con su ciclo de charlas con \u201cEmprender desde una PyME en el nuevo panorama\u201d, a cargo del contador Marcelo Cunioli. Abierto al p\u00fablico en general, este espacio surge como una oportunidad para la reflexi\u00f3n y la formaci\u00f3n bajo distintas tem\u00e1ticas. Tal como se viene desarrollando, el tercer encuentro de este ciclo tendr\u00e1 lugar a las 19:30 hs en la Casa Eduardo \u201cChino\u201d Correa (Belgrano 3222).<\/p>\n<p>Cabe recordar que el Ciclo de Charlas de \u201cProyectAr\u201d Olavarr\u00eda inici\u00f3 con la exposici\u00f3n de Patricia Bahl sobre Econom\u00eda Social y continu\u00f3 con Marisa Mart\u00ednez y Daiana Lobos disertando sobre \u201cTrabajo Barrial: \u00c1nimo Social y Ayudas Sociales\u201d.<\/p>\n<p>El cronograma de charlas continuar\u00e1 de la siguiente manera:<\/p>\n<p>Jueves 18\/04: \u201cEmprender desde una PyME en el nuevo panorama\u201d. Expone Marcelo Cunioli.<br \/>\nJueves 9\/05: \u201cLa pol\u00edtica como herramienta de transformaci\u00f3n en el contexto actual\u201d. Expone Eva Cura.<br \/>\nJueves 23\/05: \u201cComunicaci\u00f3n pol\u00edtica y reconstrucci\u00f3n de confianza p\u00fablica\u201d. Exponen Eduardo Rodr\u00edguez y Gonzalo Cabri.<\/p>\n<p>La Escuela de Gobierno \u201cProyectAr\u201d es presidida por Sergio Massa y cuenta con la direcci\u00f3n de M\u00f3nica Litza y la coordinaci\u00f3n local de Eduardo Rodr\u00edguez.<br \/>\nSus objetivos apuntan a la formaci\u00f3n de equipos t\u00e9cnicos y de gesti\u00f3n basados en el conocimiento, con solidez y visi\u00f3n de largo plazo, para poder abordar los desaf\u00edos que afrontan nuestras democracias en el siglo XXI. Su metodolog\u00eda apunta a combinar el conocimiento acad\u00e9mico y especializado con la experiencia de gesti\u00f3n p\u00fablica, pol\u00edtica y social.<\/p>\n<p>Para m\u00e1s informaci\u00f3n de la Escuela de Gobierno y Pol\u00edticas P\u00fablicas &#8220;ProyectAr&#8221; ingresar al siguiente link: https:\/\/foroolavarria.org\/proyectar-escuela-de-gobierno-y-politicas-publicas<\/p>\n","protected":false},"excerpt":{"rendered":"<p>Bajo la consigna \u201cEmprender desde una PyME en el nuevo panorama\u201d, la Escuela de Gobierno y Pol\u00edticas P\u00fablicas, coordinada a nivel local por Eduardo Rodr\u00edguez, contin\u00faa con su iniciativa abierta al p\u00fablico. &nbsp; Este jueves 18 de abril, la Escuela de Gobierno y Pol\u00edticas P\u00fablicas \u201cProyectAr\u201d sede Olavarr\u00eda contin\u00faa con su ciclo de charlas con [&hellip;]<\/p>\n","protected":false},"author":2,"featured_media":57593,"comment_status":"open","ping_status":"open","sticky":false,"template":"","format":"standard","meta":{"footnotes":""},"categories":[2],"tags":[],"class_list":["post-57592","post","type-post","status-publish","format-standard","has-post-thumbnail","hentry","category-noticias-y-actividades"],"_links":{"self":[{"href":"https:\/\/037.com.ar\/foronuevo\/wp-json\/wp\/v2\/posts\/57592","targetHints":{"allow":["GET"]}}],"collection":[{"href":"https:\/\/037.com.ar\/foronuevo\/wp-json\/wp\/v2\/posts"}],"about":[{"href":"https:\/\/037.com.ar\/foronuevo\/wp-json\/wp\/v2\/types\/post"}],"author":[{"embeddable":true,"href":"https:\/\/037.com.ar\/foronuevo\/wp-json\/wp\/v2\/users\/2"}],"replies":[{"embeddable":true,"href":"https:\/\/037.com.ar\/foronuevo\/wp-json\/wp\/v2\/comments?post=57592"}],"version-history":[{"count":0,"href":"https:\/\/037.com.ar\/foronuevo\/wp-json\/wp\/v2\/posts\/57592\/revisions"}],"wp:featuredmedia":[{"embeddable":true,"href":"https:\/\/037.com.ar\/foronuevo\/wp-json\/wp\/v2\/media\/57593"}],"wp:attachment":[{"href":"https:\/\/037.com.ar\/foronuevo\/wp-json\/wp\/v2\/media?parent=57592"}],"wp:term":[{"taxonomy":"category","embeddable":true,"href":"https:\/\/037.com.ar\/foronuevo\/wp-json\/wp\/v2\/categories?post=57592"},{"taxonomy":"post_tag","embeddable":true,"href":"https:\/\/037.com.ar\/foronuevo\/wp-json\/wp\/v2\/tags?post=57592"}],"curies":[{"name":"wp","href":"https:\/\/api.w.org\/{rel}","templated":true}]}}