{"id":57628,"date":"2024-04-26T15:03:05","date_gmt":"2024-04-26T15:03:05","guid":{"rendered":"https:\/\/foroolavarria.org\/?p=57628"},"modified":"2024-04-26T15:03:05","modified_gmt":"2024-04-26T15:03:05","slug":"eduardo-rodriguez-en-plaza-de-mayo-la-gente-no-voto-el-desfinanciamiento-de-la-universidad","status":"publish","type":"post","link":"https:\/\/037.com.ar\/foronuevo\/eduardo-rodriguez-en-plaza-de-mayo-la-gente-no-voto-el-desfinanciamiento-de-la-universidad\/","title":{"rendered":"Eduardo Rodr\u00edguez en Plaza de Mayo: \u201cLa gente no vot\u00f3 el desfinanciamiento de la Universidad\u201d"},"content":{"rendered":"<p dir=\"ltr\">As\u00ed lo expres\u00f3 el referente del Foro Olavarr\u00eda &#8211; Frente Renovador, quien particip\u00f3 de la Marcha Universitaria hacia Plaza de Mayo en la ciudad de Buenos Aires junto a In\u00e9s Creimer, Sergio Massa y dem\u00e1s referentes nacionales del Frente Renovador.<\/p>\n<p>&nbsp;<\/p>\n<p dir=\"ltr\">Eduardo Rodr\u00edguez, referente del Foro Olavarr\u00eda &#8211; Frente Renovador, estuvo presente este martes en la Marcha Universitaria Federal desde Plaza de Mayo, en la ciudad de Buenos Aires, junto a In\u00e9s Creimer, Sergio Massa, Jos\u00e9 Arteaga y dem\u00e1s referentes nacionales del Frente Renovador.<\/p>\n<p>&nbsp;<\/p>\n<p dir=\"ltr\"><span style=\"color: #000000;\">En su cuenta de X (Twitter) expres\u00f3 que: \u201cJunto a In\u00e9s Creimer, Jos\u00e9 Arteaga, Sergio Massa y el Frente Renovador presentes en la marcha en defensa de nuestras Universidades nacionales y toda la Educaci\u00f3n p\u00fablica, gratuita y de calidad\u201d public\u00f3 en sus redes Eduardo Rodr\u00edguez, desde la Plaza de Mayo, donde se congreg\u00f3 una multitud que realiz\u00f3 la Marcha Federal Universitaria.<\/span><\/p>\n<p><span style=\"color: #000000;\">\u00a0<\/span><\/p>\n<p dir=\"ltr\"><span style=\"color: #000000;\">Enlace a la publicaci\u00f3n en X (Twitter): <\/span><a href=\"https:\/\/twitter.com\/rodriguezolav\/status\/1782866393542586775\" target=\"_blank\" rel=\"noopener\" data-saferedirecturl=\"https:\/\/www.google.com\/url?q=https:\/\/twitter.com\/rodriguezolav\/status\/1782866393542586775&amp;source=gmail&amp;ust=1714224767742000&amp;usg=AOvVaw0fTZjSMzqP4HFWmHLTShsi\">https:\/\/twitter.com\/<wbr \/>rodriguezolav\/status\/<wbr \/>1782866393542586775<\/a><\/p>\n<p dir=\"ltr\"><span style=\"color: #000000;\">\u201cLa convocatoria tuvo un amplio respaldo de diversos sectores del pa\u00eds y el Presidente Milei debe interpretar el mensaje de la ciudadan\u00eda que no vot\u00f3 el desfinanciamiento de la Universidad y la educaci\u00f3n p\u00fablica\u201d dijo el referente local del Massismo.<\/span><\/p>\n<p dir=\"ltr\"><span style=\"color: #000000;\">\u201cLa educaci\u00f3n p\u00fablica y la Universidad Nacional es igualdad de oportunidades\u201d se\u00f1al\u00f3 Eduardo Rodr\u00edguez.<\/span><\/p>\n<p dir=\"ltr\"><span style=\"color: #000000;\">Por su parte, referentes del Foro Olavarr\u00eda &#8211; Frente Renovador participaron en nuestra ciudad de la convocante movilizaci\u00f3n en defensa de la Unicen y la educaci\u00f3n p\u00fablica.<\/span><\/p>\n","protected":false},"excerpt":{"rendered":"<p>As\u00ed lo expres\u00f3 el referente del Foro Olavarr\u00eda &#8211; Frente Renovador, quien particip\u00f3 de la Marcha Universitaria hacia Plaza de Mayo en la ciudad de Buenos Aires junto a In\u00e9s Creimer, Sergio Massa y dem\u00e1s referentes nacionales del Frente Renovador. &nbsp; Eduardo Rodr\u00edguez, referente del Foro Olavarr\u00eda &#8211; Frente Renovador, estuvo presente este martes en [&hellip;]<\/p>\n","protected":false},"author":2,"featured_media":57629,"comment_status":"open","ping_status":"open","sticky":false,"template":"","format":"standard","meta":{"footnotes":""},"categories":[2],"tags":[],"class_list":["post-57628","post","type-post","status-publish","format-standard","has-post-thumbnail","hentry","category-noticias-y-actividades"],"_links":{"self":[{"href":"https:\/\/037.com.ar\/foronuevo\/wp-json\/wp\/v2\/posts\/57628","targetHints":{"allow":["GET"]}}],"collection":[{"href":"https:\/\/037.com.ar\/foronuevo\/wp-json\/wp\/v2\/posts"}],"about":[{"href":"https:\/\/037.com.ar\/foronuevo\/wp-json\/wp\/v2\/types\/post"}],"author":[{"embeddable":true,"href":"https:\/\/037.com.ar\/foronuevo\/wp-json\/wp\/v2\/users\/2"}],"replies":[{"embeddable":true,"href":"https:\/\/037.com.ar\/foronuevo\/wp-json\/wp\/v2\/comments?post=57628"}],"version-history":[{"count":0,"href":"https:\/\/037.com.ar\/foronuevo\/wp-json\/wp\/v2\/posts\/57628\/revisions"}],"wp:featuredmedia":[{"embeddable":true,"href":"https:\/\/037.com.ar\/foronuevo\/wp-json\/wp\/v2\/media\/57629"}],"wp:attachment":[{"href":"https:\/\/037.com.ar\/foronuevo\/wp-json\/wp\/v2\/media?parent=57628"}],"wp:term":[{"taxonomy":"category","embeddable":true,"href":"https:\/\/037.com.ar\/foronuevo\/wp-json\/wp\/v2\/categories?post=57628"},{"taxonomy":"post_tag","embeddable":true,"href":"https:\/\/037.com.ar\/foronuevo\/wp-json\/wp\/v2\/tags?post=57628"}],"curies":[{"name":"wp","href":"https:\/\/api.w.org\/{rel}","templated":true}]}}